{"id":1249,"date":"2020-05-21T12:37:28","date_gmt":"2020-05-21T12:37:28","guid":{"rendered":"https:\/\/www.dodoqazeti.rf-studio.net\/2020\/05\/21\/bayramin-topu-tuf%c9%99ngi-var-ki-susani-alsin\/"},"modified":"2020-05-21T12:37:28","modified_gmt":"2020-05-21T12:37:28","slug":"bayramin-topu-tuf%c9%99ngi-var-ki-susani-alsin","status":"publish","type":"post","link":"https:\/\/dodoqezeti.az\/az\/2020\/05\/21\/bayramin-topu-tuf%c9%99ngi-var-ki-susani-alsin\/","title":{"rendered":"&#8220;Bayram\u0131n topu-t\u00fcf\u0259ngi var ki, \u015eu\u015fan\u0131 als\u0131n?&#8221;"},"content":{"rendered":"<p><img decoding=\"async\" data-src=\"https:\/\/qaynarinfo.az\/file\/pic\/xeber\/2020-05\/1590064732_untitled-1.jpg\" src=\"data:image\/svg+xml;base64,PHN2ZyB3aWR0aD0iMSIgaGVpZ2h0PSIxIiB4bWxucz0iaHR0cDovL3d3dy53My5vcmcvMjAwMC9zdmciPjwvc3ZnPg==\" class=\"lazyload\" \/><\/p>\n<div id=\"\"><meta itemprop=\"inLanguage\" content=\"az\"\/><meta itemprop=\"author\" content=\"Qaynar.info\"\/><meta itemprop=\"datePublished\" content=\"2020-21-05\"\/><meta itemprop=\"dateModified\" content=\"2020-21-05\"\/><meta itemprop=\"mainEntityOfPage\" content=\"https:https:\/\/qaynarinfo.az\/az\/susanin-icra-bascisi-bayramin-topu-tufengi-var-ki-susani-alsin\/\"\/><meta itemprop=\"headline\" content=\"https:https:\/\/qaynarinfo.az\/az\/susanin-icra-bascisi-bayramin-topu-tufengi-var-ki-susani-alsin\/\"\/><\/p>\n<p>\n\t\t\t\t  <meta itemprop=\"name\" expr:content=\"&lt;b&gt;\u015eu\u015fan\u0131n icra ba\u015f\u00e7\u0131s\u0131: \" bayram=\"\" topu-t=\"\" var=\"\" ki=\"\" als=\"\"\/>&#8220;\/&gt;\n\t\t\t\t<\/p>\n<p><span style=\"letter-spacing: 0px; word-spacing: 0.1em; font-weight: bold;\">\u015eu\u015fa \u015e\u0259h\u0259r \u0130cra Hakimiyy\u0259tinin ba\u015f\u00e7\u0131s\u0131 Bayram S\u0259f\u0259rov Erm\u0259nistan\u0131n t\u0259\u015fkil etdiyi qeyri-qanuni &#8220;se\u00e7kil\u0259r\u201d v\u0259 qondarma &#8220;andi\u00e7m\u0259\u201d \u015fousuna m\u00fcnasib\u0259t bildirib.<\/span><\/p>\n<p>&#13;<br \/>\n&#13;<\/p>\n<p>Unikal.org-a a\u00e7\u0131qlama ver\u0259n Bayram S\u0259f\u0259rov erm\u0259nil\u0259rin \u015eu\u015fada &#8220;andi\u00e7m\u0259\u201d m\u0259rasimi ke\u00e7irm\u0259sini pisl\u0259yib:<\/p>\n<p>&#13;<\/p>\n<p>&#13;<\/p>\n<p>&#8220;Erm\u0259nil\u0259r \u015eu\u015fan\u0131 i\u015f\u011fal edib, ist\u0259diyini d\u0259 edir. N\u0259 vaxt biz \u015eu\u015fan\u0131 i\u015f\u011faldan azad ed\u0259c\u0259yik, o vaxt da s\u00f6z sahibi olaca\u011f\u0131q. M\u0259n a\u00e7\u0131qlama verir\u0259m h\u0259r\u0259 a\u011fz\u0131na g\u0259l\u0259ni yaz\u0131r. Bayram\u0131n el\u0259 bil topu, t\u00fcf\u0259ngi var. Bayram neyn\u0259m\u0259lidir? Bayram gedib, \u015eu\u015fan\u0131 erm\u0259nil\u0259rd\u0259n aland\u0131? Axmaq-axmaq s\u00f6zl\u0259r yaz\u0131rlar. H\u0259r\u0259 Allahdan, b\u0259nd\u0259d\u0259n qorxmay\u0131b a\u011fl\u0131na g\u0259l\u0259ni deyirl\u0259r. H\u0259r birimizin d\u0259rdi birdir. Qaraba\u011fla ba\u011fl\u0131 C\u0259nab prezidentd\u0259n g\u00fccl\u00fc siyas\u0259t aparan var?! \u00d6lk\u0259 ba\u015f\u00e7\u0131s\u0131 n\u0259 q\u0259rar q\u0259bul edirs\u0259, biz \u015fu\u015fal\u0131lar da onun fikirl\u0259rini d\u0259st\u0259kl\u0259yirik. Ali Ba\u015f komandan \u0259mr vers\u0259 ki, torpaqlar\u0131m\u0131z\u0131 i\u015f\u011faldan azad olunmas\u0131 il\u0259 ba\u011fl\u0131 m\u00fcharib\u0259 ed\u0259k ora y\u00fcy\u00fcr\u0259c\u0259yik. D\u00f6y\u00fc\u015f laz\u0131md\u0131rsa, d\u00f6y\u00fc\u015f, s\u00fclh laz\u0131md\u0131rsa, s\u00fclh olacaq!&#8221;.<\/p>\n<p>&#13;<\/p><\/div>\n<p><script><\/p>\n<p>  window.fbAsyncInit = function() {\n    FB.init({\n      appId      : '126108928148726',\n      xfbml      : true,\n\t  cookie\t : true,\n      version    : 'v2.10' \n    });\t\n\tFB.Event.subscribe('comment.create', function(response) { \t\n\t\t$.get(\"https:\/\/graph.facebook.com\/?fields=og_object{id},share&id=\"+response.href, function (data) {\n\t\t\t$.get(getParam('sJsAjax')+'?'+getParam('sGlobalTokenName') + '[ajax]=true&' + getParam('sGlobalTokenName') + '[call]=xeber.FacebookGraph'+'&val[comment_count]='+data.share.comment_count+'&val[share_count]='+data.share.share_count+'&val[message]='+response.message+'&val[id]='+getParam('xid'), function (data) {});\n\t\t});\t\n\t});\n  };\n  (function(d, s, id){\n     var js, fjs = d.getElementsByTagName(s)[0];\n     if (d.getElementById(id)) {return;}\n     js = d.createElement(s); js.id = id;\n     js.src = \"https:\/\/connect.facebook.net\/az_AZ\/sdk.js\";\n     fjs.parentNode.insertBefore(js, fjs);\n   }(document, 'script', 'facebook-jssdk'));\n<\/script><\/p>\n","protected":false},"excerpt":{"rendered":"<p>&#8220;\/&gt; \u015eu\u015fa \u015e\u0259h\u0259r \u0130cra Hakimiyy\u0259tinin ba\u015f\u00e7\u0131s\u0131 Bayram S\u0259f\u0259rov Erm\u0259nistan\u0131n t\u0259\u015fkil etdiyi qeyri-qanuni &#8220;se\u00e7kil\u0259r\u201d v\u0259 qondarma &#8220;andi\u00e7m\u0259\u201d \u015fousuna m\u00fcnasib\u0259t bildirib. &#13; &#13; Unikal.org-a a\u00e7\u0131qlama ver\u0259n Bayram S\u0259f\u0259rov erm\u0259nil\u0259rin \u015eu\u015fada &#8220;andi\u00e7m\u0259\u201d m\u0259rasimi ke\u00e7irm\u0259sini pisl\u0259yib: &#13; &#13; &#8220;Erm\u0259nil\u0259r \u015eu\u015fan\u0131 i\u015f\u011fal edib, ist\u0259diyini d\u0259 edir. N\u0259 vaxt biz \u015eu\u015fan\u0131 i\u015f\u011faldan azad ed\u0259c\u0259yik, o vaxt da s\u00f6z sahibi olaca\u011f\u0131q. M\u0259n [&hellip;]<\/p>\n","protected":false},"author":2,"featured_media":1250,"comment_status":"open","ping_status":"open","sticky":false,"template":"","format":"standard","meta":{"footnotes":""},"categories":[67,70,73,72,66,71,68,69,26],"tags":[],"class_list":["post-1249","post","type-post","status-publish","format-standard","has-post-thumbnail","hentry","category-dunya","category-elm-v-thsil","category-iqtisadiyyat","category-mdniyyt-xbrlr","category-olk","category-ordu","category-siyast","category-soubiznes","category-xbrlr"],"translation":{"provider":"WPGlobus","version":"3.0.2","language":"az","enabled_languages":["tl","az"],"languages":{"tl":{"title":true,"content":true,"excerpt":false},"az":{"title":false,"content":false,"excerpt":false}}},"_links":{"self":[{"href":"https:\/\/dodoqezeti.az\/az\/wp-json\/wp\/v2\/posts\/1249","targetHints":{"allow":["GET"]}}],"collection":[{"href":"https:\/\/dodoqezeti.az\/az\/wp-json\/wp\/v2\/posts"}],"about":[{"href":"https:\/\/dodoqezeti.az\/az\/wp-json\/wp\/v2\/types\/post"}],"author":[{"embeddable":true,"href":"https:\/\/dodoqezeti.az\/az\/wp-json\/wp\/v2\/users\/2"}],"replies":[{"embeddable":true,"href":"https:\/\/dodoqezeti.az\/az\/wp-json\/wp\/v2\/comments?post=1249"}],"version-history":[{"count":0,"href":"https:\/\/dodoqezeti.az\/az\/wp-json\/wp\/v2\/posts\/1249\/revisions"}],"wp:featuredmedia":[{"embeddable":true,"href":"https:\/\/dodoqezeti.az\/az\/wp-json\/wp\/v2\/media\/1250"}],"wp:attachment":[{"href":"https:\/\/dodoqezeti.az\/az\/wp-json\/wp\/v2\/media?parent=1249"}],"wp:term":[{"taxonomy":"category","embeddable":true,"href":"https:\/\/dodoqezeti.az\/az\/wp-json\/wp\/v2\/categories?post=1249"},{"taxonomy":"post_tag","embeddable":true,"href":"https:\/\/dodoqezeti.az\/az\/wp-json\/wp\/v2\/tags?post=1249"}],"curies":[{"name":"wp","href":"https:\/\/api.w.org\/{rel}","templated":true}]}}