{"id":1255,"date":"2020-05-21T12:20:41","date_gmt":"2020-05-21T12:20:41","guid":{"rendered":"https:\/\/www.dodoqazeti.rf-studio.net\/2020\/05\/21\/prezident-yeni-icra-bascilarini-q%c9%99bul-etdi-etimadi-dogrultmalisiniz-fotolar\/"},"modified":"2020-05-21T12:20:41","modified_gmt":"2020-05-21T12:20:41","slug":"prezident-yeni-icra-bascilarini-q%c9%99bul-etdi-etimadi-dogrultmalisiniz-fotolar","status":"publish","type":"post","link":"https:\/\/dodoqezeti.az\/az\/2020\/05\/21\/prezident-yeni-icra-bascilarini-q%c9%99bul-etdi-etimadi-dogrultmalisiniz-fotolar\/","title":{"rendered":"Prezident yeni icra ba\u015f\u00e7\u0131lar\u0131n\u0131 q\u0259bul etdi: \u201cEtimad\u0131 do\u011frultmal\u0131s\u0131n\u0131z\u201d (FOTOLAR)"},"content":{"rendered":"<p><img decoding=\"async\" data-src=\"https:\/\/qaynarinfo.az\/file\/pic\/xeber\/2020-05\/1590063717_untitled-1.jpg\" src=\"data:image\/svg+xml;base64,PHN2ZyB3aWR0aD0iMSIgaGVpZ2h0PSIxIiB4bWxucz0iaHR0cDovL3d3dy53My5vcmcvMjAwMC9zdmciPjwvc3ZnPg==\" class=\"lazyload\" \/><\/p>\n<div id=\"\"><meta itemprop=\"inLanguage\" content=\"az\"\/><meta itemprop=\"author\" content=\"Qaynar.info\"\/><meta itemprop=\"datePublished\" content=\"2020-21-05\"\/><meta itemprop=\"dateModified\" content=\"2020-21-05\"\/><meta itemprop=\"mainEntityOfPage\" content=\"https:https:\/\/qaynarinfo.az\/az\/prezident-yeni-icra-bascilarini-qebul-etdi-etimadi-dorultmalisiniz-fotolar\/\"\/><meta itemprop=\"headline\" content=\"https:https:\/\/qaynarinfo.az\/az\/prezident-yeni-icra-bascilarini-qebul-etdi-etimadi-dorultmalisiniz-fotolar\/\"\/>\t\t\t\t<\/p>\n<p><span style=\"letter-spacing: 0px; word-spacing: 0.1em; font-weight: bold;\">Az\u0259rbaycan Respublikas\u0131n\u0131n Prezidenti \u0130lham \u018fliyev may\u0131n 21-d\u0259 Seymur Orucovu A\u011fstafa Rayon \u0130cra Hakimiyy\u0259tinin, El\u00e7in Rzayevi is\u0259 \u0130mi\u015fli Rayon \u0130cra Hakimiyy\u0259tinin ba\u015f\u00e7\u0131s\u0131 v\u0259zif\u0259l\u0259rin\u0259 t\u0259yin olunmalar\u0131 il\u0259 \u0259laq\u0259dar videoformatda q\u0259bul edib.<\/span><\/p>\n<p>&#13;<br \/>\n&#13;<\/p>\n<p>Qaynarinfo x\u0259b\u0259r verir ki, d\u00f6vl\u0259t ba\u015f\u00e7\u0131s\u0131 videoq\u0259bulda \u00e7\u0131x\u0131\u015f edib.<\/p>\n<p>&#13;<\/p>\n<p>&#13;<\/p>\n<p>&#8220;M\u0259n sizi bu g\u00fcn A\u011fstafa v\u0259 \u0130mi\u015fli rayonlar\u0131n\u0131n icra ba\u015f\u00e7\u0131s\u0131 v\u0259zif\u0259sin\u0259 t\u0259yin edir\u0259m. Siz\u0259 b\u00f6y\u00fck etimad g\u00f6st\u0259rilir. Siz bu etimad\u0131 \u00f6z i\u015finizl\u0259 do\u011frultmal\u0131s\u0131n\u0131z\u201d, &#8211; Prezident \u0130lham \u018fliyev bildirib.\u00a0<\/p>\n<p>&#13;<\/p><\/div>\n<p><script><\/p>\n<p>  window.fbAsyncInit = function() {\n    FB.init({\n      appId      : '126108928148726',\n      xfbml      : true,\n\t  cookie\t : true,\n      version    : 'v2.10' \n    });\t\n\tFB.Event.subscribe('comment.create', function(response) { \t\n\t\t$.get(\"https:\/\/graph.facebook.com\/?fields=og_object{id},share&id=\"+response.href, function (data) {\n\t\t\t$.get(getParam('sJsAjax')+'?'+getParam('sGlobalTokenName') + '[ajax]=true&' + getParam('sGlobalTokenName') + '[call]=xeber.FacebookGraph'+'&val[comment_count]='+data.share.comment_count+'&val[share_count]='+data.share.share_count+'&val[message]='+response.message+'&val[id]='+getParam('xid'), function (data) {});\n\t\t});\t\n\t});\n  };\n  (function(d, s, id){\n     var js, fjs = d.getElementsByTagName(s)[0];\n     if (d.getElementById(id)) {return;}\n     js = d.createElement(s); js.id = id;\n     js.src = \"https:\/\/connect.facebook.net\/az_AZ\/sdk.js\";\n     fjs.parentNode.insertBefore(js, fjs);\n   }(document, 'script', 'facebook-jssdk'));\n<\/script><\/p>\n","protected":false},"excerpt":{"rendered":"<p>Az\u0259rbaycan Respublikas\u0131n\u0131n Prezidenti \u0130lham \u018fliyev may\u0131n 21-d\u0259 Seymur Orucovu A\u011fstafa Rayon \u0130cra Hakimiyy\u0259tinin, El\u00e7in Rzayevi is\u0259 \u0130mi\u015fli Rayon \u0130cra Hakimiyy\u0259tinin ba\u015f\u00e7\u0131s\u0131 v\u0259zif\u0259l\u0259rin\u0259 t\u0259yin olunmalar\u0131 il\u0259 \u0259laq\u0259dar videoformatda q\u0259bul edib. &#13; &#13; Qaynarinfo x\u0259b\u0259r verir ki, d\u00f6vl\u0259t ba\u015f\u00e7\u0131s\u0131 videoq\u0259bulda \u00e7\u0131x\u0131\u015f edib. &#13; &#13; &#8220;M\u0259n sizi bu g\u00fcn A\u011fstafa v\u0259 \u0130mi\u015fli rayonlar\u0131n\u0131n icra ba\u015f\u00e7\u0131s\u0131 v\u0259zif\u0259sin\u0259 t\u0259yin edir\u0259m. [&hellip;]<\/p>\n","protected":false},"author":2,"featured_media":1256,"comment_status":"open","ping_status":"open","sticky":false,"template":"","format":"standard","meta":{"footnotes":""},"categories":[67,70,73,72,66,71,68,69,26],"tags":[],"class_list":["post-1255","post","type-post","status-publish","format-standard","has-post-thumbnail","hentry","category-dunya","category-elm-v-thsil","category-iqtisadiyyat","category-mdniyyt-xbrlr","category-olk","category-ordu","category-siyast","category-soubiznes","category-xbrlr"],"translation":{"provider":"WPGlobus","version":"3.0.2","language":"az","enabled_languages":["tl","az"],"languages":{"tl":{"title":true,"content":true,"excerpt":false},"az":{"title":false,"content":false,"excerpt":false}}},"_links":{"self":[{"href":"https:\/\/dodoqezeti.az\/az\/wp-json\/wp\/v2\/posts\/1255","targetHints":{"allow":["GET"]}}],"collection":[{"href":"https:\/\/dodoqezeti.az\/az\/wp-json\/wp\/v2\/posts"}],"about":[{"href":"https:\/\/dodoqezeti.az\/az\/wp-json\/wp\/v2\/types\/post"}],"author":[{"embeddable":true,"href":"https:\/\/dodoqezeti.az\/az\/wp-json\/wp\/v2\/users\/2"}],"replies":[{"embeddable":true,"href":"https:\/\/dodoqezeti.az\/az\/wp-json\/wp\/v2\/comments?post=1255"}],"version-history":[{"count":0,"href":"https:\/\/dodoqezeti.az\/az\/wp-json\/wp\/v2\/posts\/1255\/revisions"}],"wp:featuredmedia":[{"embeddable":true,"href":"https:\/\/dodoqezeti.az\/az\/wp-json\/wp\/v2\/media\/1256"}],"wp:attachment":[{"href":"https:\/\/dodoqezeti.az\/az\/wp-json\/wp\/v2\/media?parent=1255"}],"wp:term":[{"taxonomy":"category","embeddable":true,"href":"https:\/\/dodoqezeti.az\/az\/wp-json\/wp\/v2\/categories?post=1255"},{"taxonomy":"post_tag","embeddable":true,"href":"https:\/\/dodoqezeti.az\/az\/wp-json\/wp\/v2\/tags?post=1255"}],"curies":[{"name":"wp","href":"https:\/\/api.w.org\/{rel}","templated":true}]}}