{"id":2884,"date":"2020-06-08T17:03:00","date_gmt":"2020-06-08T13:03:00","guid":{"rendered":"https:\/\/www.dodoqazeti.rf-studio.net\/2020\/06\/08\/goycayda-bazar-yanir\/"},"modified":"2020-06-08T17:03:00","modified_gmt":"2020-06-08T13:03:00","slug":"goycayda-bazar-yanir","status":"publish","type":"post","link":"https:\/\/dodoqezeti.az\/az\/2020\/06\/08\/goycayda-bazar-yanir\/","title":{"rendered":"G\u00f6y\u00e7ayda bazar yan\u0131r"},"content":{"rendered":"<p><img decoding=\"async\" src=\"https:\/\/cdn.oxu.az\/uploads\/W1siZiIsIjIwMjAvMDYvMDgvMTcvMDAvMTAvNzdhYWIwNzQtNmViZi00NjdkLTlmYTYtMGYwMDc1OGQzYjdhL0ZvdG9KZXQgKDIpLmpwZyJdLFsicCIsImVuY29kZSIsImpwZyIsIi1xdWFsaXR5IDgwIl0sWyJwIiwidGh1bWIiLCI2MjB4NDY1XHUwMDNlIl1d?sha=ca9f79eb1cacad48\" \/><\/p>\n<div><meta name=\"viewport\" content=\"width=device-width, initial-scale=1\"\/><\/p>\n<p>G\u00f6y\u00e7ay rayonunda bazar yan\u0131r.<\/p>\n<p><strong>Oxu.Az <\/strong>x\u0259b\u0259r verir ki, rayonun \u0259sas bazarlar\u0131ndan say\u0131lan, \u00dczeyir Hac\u0131b\u0259yov k\u00fc\u00e7\u0259sind\u0259 yerl\u0259\u015f\u0259n \u201ck\u00f6hn\u0259 bazar\u201d adlanan \u0259razid\u0259 yan\u011f\u0131n ba\u015f verib.<\/p>\n<p>G\u00f6y\u00e7ay rayon Yan\u011f\u0131ndan M\u00fchafiz\u0259 Hiss\u0259sinin texnika v\u0259 canl\u0131 q\u00fcvv\u0259si haz\u0131rda \u0259razid\u0259dir.<\/p>\n<p>Yan\u011f\u0131n davam edir.<\/p>\n<p>Qeyd ed\u0259k ki, bazarda, \u0259sas\u0259n, geyim v\u0259 \u0259rzaq m\u0259hsullar\u0131 sat\u0131l\u0131r.<\/p>\n<p><iframe allowfullscreen=\"\" frameborder=\"0\" height=\"315\" data-src=\"https:\/\/player.baku.tv\/embed\/19977\" width=\"560\" src=\"data:image\/svg+xml;base64,PHN2ZyB3aWR0aD0iMSIgaGVpZ2h0PSIxIiB4bWxucz0iaHR0cDovL3d3dy53My5vcmcvMjAwMC9zdmciPjwvc3ZnPg==\" class=\"lazyload\" data-load-mode=\"0\"><\/iframe><\/p>\n<\/div>\n","protected":false},"excerpt":{"rendered":"<p>G\u00f6y\u00e7ay rayonunda bazar yan\u0131r. Oxu.Az x\u0259b\u0259r verir ki, rayonun \u0259sas bazarlar\u0131ndan say\u0131lan, \u00dczeyir Hac\u0131b\u0259yov k\u00fc\u00e7\u0259sind\u0259 yerl\u0259\u015f\u0259n \u201ck\u00f6hn\u0259 bazar\u201d adlanan \u0259razid\u0259 yan\u011f\u0131n ba\u015f verib. G\u00f6y\u00e7ay rayon Yan\u011f\u0131ndan M\u00fchafiz\u0259 Hiss\u0259sinin texnika v\u0259 canl\u0131 q\u00fcvv\u0259si haz\u0131rda \u0259razid\u0259dir. Yan\u011f\u0131n davam edir. Qeyd ed\u0259k ki, bazarda, \u0259sas\u0259n, geyim v\u0259 \u0259rzaq m\u0259hsullar\u0131 sat\u0131l\u0131r.<\/p>\n","protected":false},"author":2,"featured_media":2885,"comment_status":"closed","ping_status":"closed","sticky":false,"template":"","format":"standard","meta":{"footnotes":""},"categories":[67,70,73,72,66,71,68,69,26],"tags":[],"class_list":["post-2884","post","type-post","status-publish","format-standard","has-post-thumbnail","hentry","category-dunya","category-elm-v-thsil","category-iqtisadiyyat","category-mdniyyt-xbrlr","category-olk","category-ordu","category-siyast","category-soubiznes","category-xbrlr"],"translation":{"provider":"WPGlobus","version":"3.0.2","language":"az","enabled_languages":["tl","az"],"languages":{"tl":{"title":true,"content":true,"excerpt":false},"az":{"title":false,"content":false,"excerpt":false}}},"_links":{"self":[{"href":"https:\/\/dodoqezeti.az\/az\/wp-json\/wp\/v2\/posts\/2884","targetHints":{"allow":["GET"]}}],"collection":[{"href":"https:\/\/dodoqezeti.az\/az\/wp-json\/wp\/v2\/posts"}],"about":[{"href":"https:\/\/dodoqezeti.az\/az\/wp-json\/wp\/v2\/types\/post"}],"author":[{"embeddable":true,"href":"https:\/\/dodoqezeti.az\/az\/wp-json\/wp\/v2\/users\/2"}],"replies":[{"embeddable":true,"href":"https:\/\/dodoqezeti.az\/az\/wp-json\/wp\/v2\/comments?post=2884"}],"version-history":[{"count":0,"href":"https:\/\/dodoqezeti.az\/az\/wp-json\/wp\/v2\/posts\/2884\/revisions"}],"wp:featuredmedia":[{"embeddable":true,"href":"https:\/\/dodoqezeti.az\/az\/wp-json\/wp\/v2\/media\/2885"}],"wp:attachment":[{"href":"https:\/\/dodoqezeti.az\/az\/wp-json\/wp\/v2\/media?parent=2884"}],"wp:term":[{"taxonomy":"category","embeddable":true,"href":"https:\/\/dodoqezeti.az\/az\/wp-json\/wp\/v2\/categories?post=2884"},{"taxonomy":"post_tag","embeddable":true,"href":"https:\/\/dodoqezeti.az\/az\/wp-json\/wp\/v2\/tags?post=2884"}],"curies":[{"name":"wp","href":"https:\/\/api.w.org\/{rel}","templated":true}]}}