{"id":3468,"date":"2020-06-22T04:30:00","date_gmt":"2020-06-22T00:30:00","guid":{"rendered":"http:\/\/dodoqezeti.az\/en_US\/2020\/06\/22\/canavar-23-yasli-g%c9%99nc%c9%99-hucum-etdi\/"},"modified":"2020-06-22T04:30:00","modified_gmt":"2020-06-22T00:30:00","slug":"canavar-23-yasli-g%c9%99nc%c9%99-hucum-etdi","status":"publish","type":"post","link":"https:\/\/dodoqezeti.az\/az\/2020\/06\/22\/canavar-23-yasli-g%c9%99nc%c9%99-hucum-etdi\/","title":{"rendered":"Canavar 23 ya\u015fl\u0131 g\u0259nc\u0259 h\u00fccum etdi"},"content":{"rendered":"<p><img decoding=\"async\" src=\"https:\/\/cdn.oxu.az\/uploads\/W1siZiIsIjIwMjAvMDYvMjEvMjMvNDcvMzkvYTM2ODgzZDAtN2E2Ny00M2E3LWI4MWEtZmEzZDg1YTUzNjQ3LzEwNTU2MDYwOF8yNzI1MDc1MDMwOTI4MTA2XzQwNzc3ODk3NTc5MTU4MjQzMTBfbi5wbmciXSxbInAiLCJlbmNvZGUiLCJqcGciLCItcXVhbGl0eSA4MCJdLFsicCIsInRodW1iIiwiNjIweDQ2NVx1MDAzZSJdXQ?sha=57e176dbbe540fa4\" \/><\/p>\n<div><meta name=\"viewport\" content=\"width=device-width, initial-scale=1\"\/><\/p>\n<p>Tovuzda g\u0259nc\u0259 canavar h\u00fccum edib.<\/p>\n<p>APA-n\u0131n\u00a0m\u0259lumat\u0131na g\u00f6r\u0259, hadis\u0259 rayonun \u018fsirik k\u0259ndind\u0259, me\u015f\u0259 yax\u0131nl\u0131\u011f\u0131nda qeyd\u0259 al\u0131n\u0131b.<\/p>\n<p>23 ya\u015fl\u0131 Samir \u018fliyev canavar di\u015fl\u0259m\u0259si diaqnozu il\u0259 x\u0259st\u0259xanaya yerl\u0259\u015fdirilib.<\/p>\n<p>D\u0259rhal ona laz\u0131mi tibbi yard\u0131m g\u00f6st\u0259rilib, v\u0259ziyy\u0259tinin normal oldu\u011fu bildirilir.<\/p>\n<p>S.\u018fliyev ilkin yard\u0131mdan sonra ev\u0259 burax\u0131l\u0131b.<\/p>\n<\/div>\n","protected":false},"excerpt":{"rendered":"<p>Tovuzda g\u0259nc\u0259 canavar h\u00fccum edib. APA-n\u0131n\u00a0m\u0259lumat\u0131na g\u00f6r\u0259, hadis\u0259 rayonun \u018fsirik k\u0259ndind\u0259, me\u015f\u0259 yax\u0131nl\u0131\u011f\u0131nda qeyd\u0259 al\u0131n\u0131b. 23 ya\u015fl\u0131 Samir \u018fliyev canavar di\u015fl\u0259m\u0259si diaqnozu il\u0259 x\u0259st\u0259xanaya yerl\u0259\u015fdirilib. D\u0259rhal ona laz\u0131mi tibbi yard\u0131m g\u00f6st\u0259rilib, v\u0259ziyy\u0259tinin normal oldu\u011fu bildirilir. S.\u018fliyev ilkin yard\u0131mdan sonra ev\u0259 burax\u0131l\u0131b.<\/p>\n","protected":false},"author":2,"featured_media":3469,"comment_status":"closed","ping_status":"closed","sticky":false,"template":"","format":"standard","meta":{"footnotes":""},"categories":[67,70,73,72,66,71,68,69,26],"tags":[],"class_list":["post-3468","post","type-post","status-publish","format-standard","has-post-thumbnail","hentry","category-dunya","category-elm-v-thsil","category-iqtisadiyyat","category-mdniyyt-xbrlr","category-olk","category-ordu","category-siyast","category-soubiznes","category-xbrlr"],"translation":{"provider":"WPGlobus","version":"3.0.2","language":"az","enabled_languages":["tl","az"],"languages":{"tl":{"title":true,"content":true,"excerpt":false},"az":{"title":false,"content":false,"excerpt":false}}},"_links":{"self":[{"href":"https:\/\/dodoqezeti.az\/az\/wp-json\/wp\/v2\/posts\/3468","targetHints":{"allow":["GET"]}}],"collection":[{"href":"https:\/\/dodoqezeti.az\/az\/wp-json\/wp\/v2\/posts"}],"about":[{"href":"https:\/\/dodoqezeti.az\/az\/wp-json\/wp\/v2\/types\/post"}],"author":[{"embeddable":true,"href":"https:\/\/dodoqezeti.az\/az\/wp-json\/wp\/v2\/users\/2"}],"replies":[{"embeddable":true,"href":"https:\/\/dodoqezeti.az\/az\/wp-json\/wp\/v2\/comments?post=3468"}],"version-history":[{"count":0,"href":"https:\/\/dodoqezeti.az\/az\/wp-json\/wp\/v2\/posts\/3468\/revisions"}],"wp:featuredmedia":[{"embeddable":true,"href":"https:\/\/dodoqezeti.az\/az\/wp-json\/wp\/v2\/media\/3469"}],"wp:attachment":[{"href":"https:\/\/dodoqezeti.az\/az\/wp-json\/wp\/v2\/media?parent=3468"}],"wp:term":[{"taxonomy":"category","embeddable":true,"href":"https:\/\/dodoqezeti.az\/az\/wp-json\/wp\/v2\/categories?post=3468"},{"taxonomy":"post_tag","embeddable":true,"href":"https:\/\/dodoqezeti.az\/az\/wp-json\/wp\/v2\/tags?post=3468"}],"curies":[{"name":"wp","href":"https:\/\/api.w.org\/{rel}","templated":true}]}}