{"id":5486,"date":"2020-09-22T00:10:10","date_gmt":"2020-09-21T20:10:10","guid":{"rendered":"http:\/\/dodoqezeti.az\/?p=5486"},"modified":"2022-01-24T09:21:47","modified_gmt":"2022-01-24T05:21:47","slug":"az%c9%99rbaycandaki-etnik-icma-r%c9%99hb%c9%99rl%c9%99ri-erm%c9%99nistanin-h%c9%99rbi-t%c9%99xribatlarini-pisl%c9%99y%c9%99n-birg%c9%99-b%c9%99yanat-yayiblar","status":"publish","type":"post","link":"https:\/\/dodoqezeti.az\/az\/2020\/09\/22\/az%c9%99rbaycandaki-etnik-icma-r%c9%99hb%c9%99rl%c9%99ri-erm%c9%99nistanin-h%c9%99rbi-t%c9%99xribatlarini-pisl%c9%99y%c9%99n-birg%c9%99-b%c9%99yanat-yayiblar\/","title":{"rendered":"AZ\u018fRBAYCANDAKI ETNIK \u0130CMA R\u018fHB\u018fRL\u018fR\u0130 ERM\u018fN\u0130STANIN H\u018fRB\u0130 T\u018fXR\u0130BATLARINI P\u0130SL\u018fY\u018fN B\u0130RG\u018f B\u018fYANAT YAYIBLAR"},"content":{"rendered":"<p><img decoding=\"async\" class=\"size-medium wp-image-4769 alignleft lazyload\" data-src=\"https:\/\/dodoqezeti.az\/wp-content\/uploads\/2020\/07\/sehidler333-1-190x300.png\" alt=\"\" width=\"190\" height=\"300\" src=\"data:image\/svg+xml;base64,PHN2ZyB3aWR0aD0iMSIgaGVpZ2h0PSIxIiB4bWxucz0iaHR0cDovL3d3dy53My5vcmcvMjAwMC9zdmciPjwvc3ZnPg==\" style=\"--smush-placeholder-width: 190px; --smush-placeholder-aspect-ratio: 190\/300;\" \/><\/p>\n<p>Biz, t\u0259msil etdiyimiz Az\u0259rbaycan xalqlar\u0131 ad\u0131ndan Erm\u0259nistan\u0131n 2020-ci il iyul ay\u0131n\u0131n 12-sind\u0259n etibar\u0259n Az\u0259rbaycan\u0131n Tovuz b\u00f6lg\u0259sind\u0259 t\u00f6r\u0259tdiyi h\u0259rbi t\u0259cav\u00fcz aktlar\u0131n\u0131, t\u0259xribatlar\u0131 q\u0259tiyy\u0259tl\u0259 pisl\u0259yir, onlar\u0131 Erm\u0259nistan-Az\u0259rbaycan Da\u011fl\u0131q Qaraba\u011f m\u00fcnaqi\u015f\u0259sinin s\u00fclh yolu il\u0259 h\u0259llin\u0259 qar\u015f\u0131 y\u00f6n\u0259ldilmi\u015f \u00e7irkin f\u0259aliyy\u0259t kimi d\u0259y\u0259rl\u0259ndiririk. Onu da bildiririk ki, Erm\u0259nistan\u0131n\u0131n siyasi r\u0259hb\u0259rliyi n\u00f6vb\u0259ti d\u0259f\u0259 m\u0259suliyy\u0259tsiz v\u0259 m\u0259nfur \u0259m\u0259ll\u0259ri il\u0259 regionda s\u00fclh v\u0259 t\u0259hl\u00fck\u0259sizliyin b\u0259rq\u0259rar olunmas\u0131na ciddi \u015f\u0259kild\u0259 mane olmu\u015f, dig\u0259r t\u0259r\u0259fd\u0259n n\u00f6vb\u0259ti m\u0259\u011flubiyy\u0259ti il\u0259 \u00f6z xalq\u0131n\u0131 xaosa, s\u0259fal\u0259t\u0259 s\u00fcr\u00fckl\u0259mi\u015f, daxili siyasi b\u00f6hran\u0131 daha da d\u0259rinl\u0259\u015fdirmi\u015fdir. H\u0259min t\u0259cav\u00fcz aktlar\u0131 n\u0259tic\u0259sind\u0259 Az\u0259rbaycan\u0131n 10-dan \u00e7ox h\u0259rbi qulluq\u00e7usu, o c\u00fcml\u0259d\u0259n y\u00fcks\u0259k r\u00fctb\u0259li zabitl\u0259r v\u0259 bir dinc sakin h\u0259lak olmu\u015fdur.<img decoding=\"async\" class=\"alignnone size-medium wp-image-4811 lazyload\" data-src=\"https:\/\/dodoqezeti.az\/wp-content\/uploads\/2020\/07\/109659255_1923176407816201_1739208796126644815_n.jpg\" alt=\"\" width=\"1\" height=\"1\" src=\"data:image\/svg+xml;base64,PHN2ZyB3aWR0aD0iMSIgaGVpZ2h0PSIxIiB4bWxucz0iaHR0cDovL3d3dy53My5vcmcvMjAwMC9zdmciPjwvc3ZnPg==\" style=\"--smush-placeholder-width: 1px; --smush-placeholder-aspect-ratio: 1\/1;\" \/><\/p>\n<p>M\u00fcnaqi\u015f\u0259nin \u0259vv\u0259ll\u0259rind\u0259 oldu\u011fu kimi, bu g\u00fcn d\u0259 milli ordumuzun s\u0131ralar\u0131nda Az\u0259rbaycanda ya\u015fayan xalqlar\u0131n y\u00fczl\u0259rl\u0259 n\u00fcmay\u0259nd\u0259l\u0259ri &#8211; \u0259sg\u0259r v\u0259 zabitl\u0259rimiz var. El\u0259c\u0259 d\u0259 bu g\u00fcn m\u00fcxt\u0259lif xalqlar\u0131n \u00f6vladlar\u0131 da Az\u0259rbaycan Respublikas\u0131n\u0131n Prezidenti \u0130lham \u018fliyevin \u00e7a\u011f\u0131r\u0131\u015f\u0131na s\u0259s ver\u0259r\u0259k k\u00f6n\u00fcll\u00fc olaraq orduda xidm\u0259t etm\u0259k, Az\u0259rbaycan\u0131n \u0259razi b\u00fct\u00f6vl\u00fcy\u00fcn\u00fc qorumaq, torpaqlar\u0131m\u0131z\u0131 m\u0259nfur d\u00fc\u015fm\u0259nd\u0259n t\u0259mizl\u0259m\u0259k ist\u0259yi il\u0259 S\u0259f\u0259rb\u0259rlik v\u0259 H\u0259rbi Xidm\u0259t\u0259 \u00c7a\u011f\u0131r\u0131\u015f \u00fczr\u0259 D\u00f6vl\u0259t Xidm\u0259tin\u0259 m\u00fcraci\u0259t etmi\u015fl\u0259r. Az\u0259rbaycanda el\u0259 bir xalq yoxdur ki, bu m\u00fcq\u0259dd\u0259s amal u\u011frunda m\u00fcbariz\u0259d\u0259 \u015f\u0259hid verm\u0259sin. Lakin biz \u015f\u0259hidl\u0259ri etnik m\u0259nsubiyy\u0259tin\u0259, dilin\u0259, dinin\u0259 g\u00f6r\u0259 ay\u0131rm\u0131r\u0131q. Torpaqlar\u0131m\u0131z\u0131n azadl\u0131\u011f\u0131 u\u011frunda canlar\u0131ndan ke\u00e7\u0259n q\u0259hr\u0259manlar\u0131n h\u0259r biri bizim \u00fc\u00e7\u00fcn \u0259zizdir, igid \u00f6vladlar\u0131m\u0131z, qarda\u015flar\u0131m\u0131zd\u0131r v\u0259 onlar\u0131n ruhu qar\u015f\u0131s\u0131nda ehtiramla ba\u015f \u0259yirik.<img decoding=\"async\" class=\"alignnone size-medium wp-image-4811 lazyload\" data-src=\"https:\/\/dodoqezeti.az\/wp-content\/uploads\/2020\/07\/109659255_1923176407816201_1739208796126644815_n.jpg\" alt=\"\" width=\"1\" height=\"1\" src=\"data:image\/svg+xml;base64,PHN2ZyB3aWR0aD0iMSIgaGVpZ2h0PSIxIiB4bWxucz0iaHR0cDovL3d3dy53My5vcmcvMjAwMC9zdmciPjwvc3ZnPg==\" style=\"--smush-placeholder-width: 1px; --smush-placeholder-aspect-ratio: 1\/1;\" \/><\/p>\n<p>Erm\u0259nistan d\u0259f\u0259l\u0259rl\u0259 Az\u0259rbaycanda ya\u015fayan xalqlar\u0131n i\u00e7\u0259risin\u0259 \u0259dav\u0259t toxumu s\u0259pm\u0259y\u0259, s\u00fcni qar\u015f\u0131durma yaratma\u011fa \u00e7al\u0131\u015fm\u0131\u015f, lakin \u00f6z m\u0259nfur niyy\u0259tin\u0259 nail ola bilm\u0259mi\u015fdir. \u018fksin\u0259, onlar\u0131n \u00e7irkin t\u0259xribatlar\u0131, dinc \u0259haliy\u0259 qar\u015f\u0131 t\u00f6r\u0259tdikl\u0259ri cinay\u0259tl\u0259r, d\u00f6y\u00fc\u015f b\u00f6lg\u0259l\u0259rind\u0259 verdiyimiz \u015f\u0259hidl\u0259r bizim s\u0131ralar\u0131m\u0131z\u0131 daha da geni\u015fl\u0259ndirir, i\u015f\u011fal\u00e7\u0131 d\u00fc\u015fm\u0259n\u0259 nifr\u0259t hissini art\u0131r\u0131r, xalqlar\u0131m\u0131z aras\u0131nda birlik, qarda\u015fl\u0131q tell\u0259rini daha da sars\u0131lmaz edir.<\/p>\n<p>Biz onu da yax\u015f\u0131 bilirik ki, tarixi Az\u0259rbaycan \u0259razil\u0259ri olan indiki Erm\u0259nistan Respublikas\u0131nda m\u00fcxt\u0259lif xalqlar\u0131n n\u00fcmay\u0259nd\u0259l\u0259ri ya\u015fam\u0131\u015flar. Lakin Erm\u0259nistanda d\u00f6vl\u0259t siyas\u0259ti s\u0259viyy\u0259sind\u0259 y\u00fcr\u00fcd\u00fcl\u0259n fa\u015fizm, etnik t\u0259mizl\u0259m\u0259, mill\u0259t\u00e7ilik v\u0259 etnofobiya n\u0259tic\u0259sind\u0259 bu \u00f6lk\u0259 r\u0259smi olaraq monoetnik d\u00f6vl\u0259t\u0259 \u00e7evrilmi\u015f, dig\u0259r xalqlar\u0131n n\u00fcmay\u0259nd\u0259l\u0259ri a\u00e7\u0131q t\u0259hdid v\u0259 t\u0259zyiq yolu il\u0259 do\u011fma yurdlar\u0131ndan did\u0259rgin sal\u0131nm\u0131\u015flar. Bel\u0259 olan t\u0259qdird\u0259, Erm\u0259nistan\u0131n Az\u0259rbaycana qar\u015f\u0131 apard\u0131\u011f\u0131 informasiya m\u00fcharib\u0259sind\u0259 \u00f6z\u00fcn\u00fc Az\u0259rbaycanda ya\u015fayan xalqlar\u0131n \u201cdostu v\u0259 himay\u0259dar\u0131\u201d kimi t\u0259qdim etm\u0259si he\u00e7 bir m\u0259n\u0259vi-\u0259xlaqi normalara s\u0131\u011fm\u0131r, bu f\u0259aliyy\u0259tin arxas\u0131nda \u00e7irkin m\u0259qs\u0259dl\u0259rin dayanmas\u0131n\u0131 a\u00e7\u0131q \u015f\u0259kild\u0259 g\u00f6st\u0259rir.<\/p>\n<p>V\u0259t\u0259nimiz Az\u0259rbaycan\u0131n \u0259n b\u00f6y\u00fck s\u0259rv\u0259ti onun etnik m\u00fcxt\u0259lifliyi, burada ya\u015fayan b\u00fct\u00fcn xalqlar\u0131n tarixi birliyi v\u0259 qarda\u015fl\u0131\u011f\u0131d\u0131r. \u00d6lk\u0259mizd\u0259 indiy\u0259d\u0259k etnik v\u0259 dini z\u0259mind\u0259 qar\u015f\u0131dumalar\u0131n ba\u015f verm\u0259m\u0259si d\u00fc\u015fm\u0259nl\u0259rimizi q\u0131c\u0131qland\u0131rmaqla yana\u015f\u0131, bizim m\u0259n\u0259vi birliyimizin, Az\u0259rbaycan Respublikas\u0131n\u0131n y\u00fcr\u00fctd\u00fcy\u00fc milli siyas\u0259tin parlaq t\u0259zah\u00fcr\u00fcd\u00fcr.<\/p>\n<p>Biz Erm\u0259nistan\u0131n s\u0259rh\u0259d b\u00f6lg\u0259l\u0259rind\u0259, qo\u015funlar\u0131n t\u0259mas x\u0259tind\u0259 t\u00f6r\u0259tdikl\u0259ri t\u0259xribatlar\u0131 q\u0259tiyy\u0259tl\u0259 pisl\u0259yir v\u0259 yekdillikl\u0259 b\u0259yan edirik: Erm\u0259nistan v\u0259 onun havadarlar\u0131 yax\u015f\u0131 bilm\u0259lidirl\u0259r ki, Az\u0259rbaycan bizim do\u011fma V\u0259t\u0259nimizdir. Onun h\u0259r qar\u0131\u015f torpa\u011f\u0131 bizim \u00fc\u00e7\u00fcn m\u00fcq\u0259dd\u0259s v\u0259 \u0259zizdir. \u018fminlikl\u0259 deyirik, biz az\u0259rbaycanl\u0131lar \u2013 etnik v\u0259 dini kimliyind\u0259n as\u0131l\u0131 olmayaraq Az\u0259rbaycan\u0131n b\u00fct\u00fcn xalqlar\u0131 V\u0259t\u0259nimizin \u0259razi b\u00fct\u00f6vl\u00fcy\u00fc, torpaqlar\u0131m\u0131z\u0131n d\u00fc\u015fm\u0259nd\u0259n t\u0259mizl\u0259nm\u0259si u\u011frunda m\u00fcbariz\u0259nin \u00f6n s\u0131ralar\u0131nda bu g\u00fcn d\u0259 v\u0259 h\u0259r zaman dayanma\u011fa haz\u0131r\u0131q! Bizim birliyimiz, V\u0259t\u0259n sevgimiz, ona s\u0259daq\u0259timiz sars\u0131lmazd\u0131r!<\/p>\n<p>B\u0259yanat\u0131 \u0130mamverdi H\u0259midov (Tal\u0131\u015f \u0130cmas\u0131), Mixail Zabelin (Az\u0259rbaycanda Rus icmas\u0131), M\u0259h\u0259mm\u0259d Nooyev (Az\u0259rbaycan-Avar \u0130cmas\u0131 \u0130ctimai Birliyi), Melih Yevdayev (Bak\u0131 Da\u011f Y\u0259hudil\u0259ri Dini \u0130cmas\u0131), Elman \u018fhm\u0259dov (\u201cAz\u0259ri\u201d Tat M\u0259d\u0259niyy\u0259t M\u0259rk\u0259zi \u0130ctimai Birliyi), Robert Mobili (Az\u0259rbaycan Respublikas\u0131n\u0131n Alban-Udi Xristian Dini \u0130cmas\u0131), \u018fhm\u0259de H\u0259po (Az\u0259rbaycan K\u00fcrd icmas\u0131n\u0131n a\u011fsaqqal\u0131), \u0130mran Rzayev (\u201cSamur\u201d L\u0259zgi Milli M\u0259rk\u0259zi), Aleksandr \u015earovski (Avropa Y\u0259hudil\u0259rinin Bak\u0131 Dini \u0130cmas\u0131), Rafiq Abdullayev (\u201cBuduq\u201d Xeyriyy\u0259 C\u0259miyy\u0259ti), G\u00fclcan Mi\u0259sautova (\u201cTuqan tel\u201d Tatar M\u0259d\u0259niyy\u0259ti C\u0259miyy\u0259ti), \u0130smay\u0131l R\u0259himov (Az\u0259rbaycanda Ya\u015fayan Ax\u0131sxa T\u00fcrkl\u0259ri \u201cV\u0259t\u0259n\u201d \u0130ctimai Birliyi), Sevinc Bulacova (\u0130ngiloy icmas\u0131), Rafael Qvaladze (Az\u0259rbaycanda ya\u015fayan G\u00fcrc\u00fc icmas\u0131), Yuri Osad\u00e7enko (Az\u0259rbaycan Ukrayna Konqresi \u0130ctimai Birliyi) imzalay\u0131blar.<\/p>\n<p><strong>B<\/strong><strong>\u0259yanat\u0131<\/strong><strong> \u00a0<\/strong><strong><a href=\"https:\/\/azertag.az\/\">AZ\u018fRTAC<\/a><\/strong><strong> t\u0259qdim edib.<\/strong><\/p>\n","protected":false},"excerpt":{"rendered":"<p>Biz, t\u0259msil etdiyimiz Az\u0259rbaycan xalqlar\u0131 ad\u0131ndan Erm\u0259nistan\u0131n 2020-ci il iyul ay\u0131n\u0131n 12-sind\u0259n etibar\u0259n Az\u0259rbaycan\u0131n Tovuz b\u00f6lg\u0259sind\u0259 t\u00f6r\u0259tdiyi h\u0259rbi t\u0259cav\u00fcz aktlar\u0131n\u0131, t\u0259xribatlar\u0131 q\u0259tiyy\u0259tl\u0259 pisl\u0259yir, onlar\u0131 Erm\u0259nistan-Az\u0259rbaycan Da\u011fl\u0131q Qaraba\u011f m\u00fcnaqi\u015f\u0259sinin s\u00fclh yolu il\u0259 h\u0259llin\u0259 qar\u015f\u0131 y\u00f6n\u0259ldilmi\u015f \u00e7irkin f\u0259aliyy\u0259t kimi d\u0259y\u0259rl\u0259ndiririk. Onu da bildiririk ki, Erm\u0259nistan\u0131n\u0131n siyasi r\u0259hb\u0259rliyi n\u00f6vb\u0259ti d\u0259f\u0259 m\u0259suliyy\u0259tsiz v\u0259 m\u0259nfur \u0259m\u0259ll\u0259ri il\u0259 regionda s\u00fclh v\u0259 [&hellip;]<\/p>\n","protected":false},"author":2,"featured_media":0,"comment_status":"closed","ping_status":"closed","sticky":false,"template":"","format":"standard","meta":{"footnotes":""},"categories":[75,26],"tags":[],"class_list":["post-5486","post","type-post","status-publish","format-standard","hentry","category-multikulturalizm","category-xbrlr"],"translation":{"provider":"WPGlobus","version":"3.0.2","language":"az","enabled_languages":["tl","az"],"languages":{"tl":{"title":true,"content":true,"excerpt":false},"az":{"title":false,"content":false,"excerpt":false}}},"_links":{"self":[{"href":"https:\/\/dodoqezeti.az\/az\/wp-json\/wp\/v2\/posts\/5486","targetHints":{"allow":["GET"]}}],"collection":[{"href":"https:\/\/dodoqezeti.az\/az\/wp-json\/wp\/v2\/posts"}],"about":[{"href":"https:\/\/dodoqezeti.az\/az\/wp-json\/wp\/v2\/types\/post"}],"author":[{"embeddable":true,"href":"https:\/\/dodoqezeti.az\/az\/wp-json\/wp\/v2\/users\/2"}],"replies":[{"embeddable":true,"href":"https:\/\/dodoqezeti.az\/az\/wp-json\/wp\/v2\/comments?post=5486"}],"version-history":[{"count":3,"href":"https:\/\/dodoqezeti.az\/az\/wp-json\/wp\/v2\/posts\/5486\/revisions"}],"predecessor-version":[{"id":7550,"href":"https:\/\/dodoqezeti.az\/az\/wp-json\/wp\/v2\/posts\/5486\/revisions\/7550"}],"wp:attachment":[{"href":"https:\/\/dodoqezeti.az\/az\/wp-json\/wp\/v2\/media?parent=5486"}],"wp:term":[{"taxonomy":"category","embeddable":true,"href":"https:\/\/dodoqezeti.az\/az\/wp-json\/wp\/v2\/categories?post=5486"},{"taxonomy":"post_tag","embeddable":true,"href":"https:\/\/dodoqezeti.az\/az\/wp-json\/wp\/v2\/tags?post=5486"}],"curies":[{"name":"wp","href":"https:\/\/api.w.org\/{rel}","templated":true}]}}