{"id":5546,"date":"2020-09-22T09:05:24","date_gmt":"2020-09-22T05:05:24","guid":{"rendered":"http:\/\/dodoqezeti.az\/?p=5546"},"modified":"2020-09-22T09:05:24","modified_gmt":"2020-09-22T05:05:24","slug":"avropa-v%c9%99-dunya-cempionu-zaur-m%c9%99mm%c9%99dov","status":"publish","type":"post","link":"https:\/\/dodoqezeti.az\/az\/2020\/09\/22\/avropa-v%c9%99-dunya-cempionu-zaur-m%c9%99mm%c9%99dov\/","title":{"rendered":"Avropa v\u0259 D\u00fcnya \u00e7empionu \u00a0Zaur M\u0259mm\u0259dov"},"content":{"rendered":"<p>\u00a0\u00a0\u00a0\u00a0 <img decoding=\"async\" class=\"size-medium wp-image-5548 alignleft lazyload\" data-src=\"https:\/\/dodoqezeti.az\/wp-content\/uploads\/2020\/09\/zaur-300x204.jpg\" alt=\"\" width=\"300\" height=\"204\" src=\"data:image\/svg+xml;base64,PHN2ZyB3aWR0aD0iMSIgaGVpZ2h0PSIxIiB4bWxucz0iaHR0cDovL3d3dy53My5vcmcvMjAwMC9zdmciPjwvc3ZnPg==\" style=\"--smush-placeholder-width: 300px; --smush-placeholder-aspect-ratio: 300\/204;\" \/> M\u0259mm\u0259dov Zaur Mais o\u011flu 10.05.1977- ci ild\u0259 L\u0259nk\u0259ran rayonunun\u00a0 \u015eilavar k\u0259ndind\u0259 anadan olmu\u015fdur. L\u0259nk\u0259ran \u015f\u0259h\u0259r\u00a0 5 sayli orta m\u0259kt\u0259bini bitirdikd\u0259n sonra, K\u0259nd T\u0259sarr\u00fcfat\u0131 Texnikumunun \u0130qtisadiyyat fak\u00fclt\u0259sin\u0259 daxil olub. H\u0259rbi xidm\u0259td\u0259n sonra Az\u0259rbaycan D\u00f6vl\u0259t B\u0259d\u0259n T\u0259rbiy\u0259si v\u0259 \u0130dman akademyas\u0131na daxil olmu\u015fdur. Zaur h\u0259l\u0259 orta m\u0259kt\u0259bd\u0259 oxuyark\u0259n idman\u0131n karate n\u00f6v\u00fc il\u0259 m\u0259\u015fqul olub,\u00a0 g\u00fcl\u0259\u015f n\u00f6v\u00fcn\u0259 maraq g\u00f6st\u0259rib. 1994-1996 \u2013ci ill\u0259rd\u0259 Respublika \u00e7empionu olub.<\/p>\n<p>\u00a0 \u00a0 \u00a0 M\u0259mm\u0259dov 2000 \u2013 ci ild\u0259 Rusyan\u0131n Yekatirinburq \u015f\u0259h\u0259rind\u0259ki Uralma\u015f Sambo yi\u011fma komandas\u0131na qat\u0131l\u0131r 6 il y\u0131\u011fma komandan\u0131n t\u0259rkibind\u0259 ciddi t\u0259liml\u0259rini davam etdirir. O, eyni zamanda bir ne\u00e7\u0259 d\u00f6y\u00fc\u015f v\u0259 g\u00fcl\u0259\u015f n\u00f6vl\u0259rind\u0259 (MMA,Sambo, Sambo d\u00f6y\u00fc\u015f\u00fc v\u0259 Greppling ) Az\u0259rbaycan, \u0130talya, Ukrayna, T\u00fcrkiy\u0259, Rusya, \u00a0Belarusyada pe\u015fakar d\u00f6y\u00fc\u015fl\u0259rinin qalibi olmu\u015f, \u00fcm\u00fcmlikd\u0259 22 d\u0259f\u0259 Az\u0259rbaycan, 4 d\u0259f\u0259 Avropa, 7d\u0259f\u0259 d\u00fcnya \u00e7empionu titulunu qazanm\u0131\u015fd\u0131r. Az\u0259rbaycan\u0131n \u0259m\u0259kdar m\u0259\u015fq\u00e7isi v\u0259 Az\u0259rbaycan\u0131n idman ustas\u0131dir. Hal-haz\u0131rda Az\u0259rbaycan\u0131n 2 idman federasyas\u0131n\u0131n ba\u015f m\u0259\u015fq\u00e7isidir. L\u0259nk\u0259ran D\u00f6vl\u0259t \u00dcniverstedinin m\u0259\u015fq\u00e7i m\u00fc\u0259llimi, eyni zamanda L\u0259nk\u0259ran\u0131n c\u00fcdo komandas\u0131n\u0131n m\u0259\u015fq\u00e7isidir. \u00a0T\u0259l\u0259b\u0259l\u0259ri aras\u0131nda Az\u0259rbaycan, Avropa, D\u00fcnya \u00e7empionlar\u0131 vard\u0131r.<\/p>\n<p>\u00a0\u00a0\u00a0 L\u0259nk\u0259ran D\u00f6vl\u0259t Universitetinin m\u0259\u015fq\u00e7i m\u00fc\u0259llimi, Respublikan\u0131n\u00a0 \u0259m\u0259kdar m\u0259\u015fq\u00e7isi, d\u0259f\u0259l\u0259rl\u0259 respublika, \u00e7oxlu t\u0259l\u0259b\u0259l\u0259ri d\u0259 vard\u0131r ki onlar d\u00fcnya, avropa, avroasiya, zona v\u0259 az\u0259rbaycan \u00e7empionlar\u0131, d\u00fcnya avropa kubokunun qalibiyy\u0259tl\u0259rini qazabm\u0131\u015flar. Kamil idman\u00e7\u0131, t\u0259cr\u00fcb\u0259li m\u00fct\u0259x\u0259ssis, pe\u015f\u0259kar m\u0259\u015fq\u00e7i olan Zaur m\u00fc\u0259llimi \u00e7al\u0131\u015fd\u0131\u011f\u0131 kollektivd\u0259 ham\u0131 sevir-idman\u0131 sev\u0259n d\u0259, sevm\u0259y\u0259n d\u0259. H\u0259mi\u015f\u0259 g\u00fcl\u0259r\u00fcz, ham\u0131ya diqq\u0259tli, i\u015fin\u0259 q\u0259lb\u0259n ba\u011fl\u0131 olan Zaur m\u00fc\u0259llim\u0259 LDU ail\u0259si d\u0259 diqq\u0259tlidir. Universitetin rektoru v\u0259zif\u0259sini icra ed\u0259n professor Natiq \u0130brahimov ba\u015fda olmaqla b\u00fct\u00fcn kollektiv Zaur m\u00fc\u0259llimi sevir v\u0259 onun universitet\u0259 daim q\u0131z\u0131l medullar g\u0259tirm\u0259si v\u0259 Universitetin ad\u0131n\u0131 uca tutmas\u0131na g\u00f6r\u0259 onu \u201cQ\u0131z\u0131l\u201d o\u011flan adland\u0131r\u0131lar v\u0259 onu b\u00fct\u00fcn kollektiv \u00fcr\u0259kd\u0259n sevir.<\/p>\n<p>\u00a0\u00a0\u00a0\u00a0\u00a0\u00a0 <em><strong>\u201cDODO\u201d q\u0259zetinin redaksiya heyy\u0259ti idman\u00e7\u0131 qarda\u015f\u0131m\u0131z\u0131n b\u00fct\u00fcn u\u011furlar\u0131na g\u00f6r\u0259 alq\u0131\u015flay\u0131r v\u0259 \u00fcr\u0259kd\u0259n t\u0259brik edir. Qoy u\u011furlar\u0131n\u0131z t\u00fck\u0259nm\u0259z olsun qarda\u015f!<\/strong><\/em><\/p>\n<p>\u00a0<\/p>\n","protected":false},"excerpt":{"rendered":"<p>\u00a0\u00a0\u00a0\u00a0 M\u0259mm\u0259dov Zaur Mais o\u011flu 10.05.1977- ci ild\u0259 L\u0259nk\u0259ran rayonunun\u00a0 \u015eilavar k\u0259ndind\u0259 anadan olmu\u015fdur. L\u0259nk\u0259ran \u015f\u0259h\u0259r\u00a0 5 sayli orta m\u0259kt\u0259bini bitirdikd\u0259n sonra, K\u0259nd T\u0259sarr\u00fcfat\u0131 Texnikumunun \u0130qtisadiyyat fak\u00fclt\u0259sin\u0259 daxil olub. H\u0259rbi xidm\u0259td\u0259n sonra Az\u0259rbaycan D\u00f6vl\u0259t B\u0259d\u0259n T\u0259rbiy\u0259si v\u0259 \u0130dman akademyas\u0131na daxil olmu\u015fdur. Zaur h\u0259l\u0259 orta m\u0259kt\u0259bd\u0259 oxuyark\u0259n idman\u0131n karate n\u00f6v\u00fc il\u0259 m\u0259\u015fqul olub,\u00a0 g\u00fcl\u0259\u015f n\u00f6v\u00fcn\u0259 maraq [&hellip;]<\/p>\n","protected":false},"author":2,"featured_media":0,"comment_status":"closed","ping_status":"closed","sticky":false,"template":"","format":"standard","meta":{"footnotes":""},"categories":[27,48],"tags":[],"class_list":["post-5546","post","type-post","status-publish","format-standard","hentry","category-haqqimizda","category-mdniyyt"],"translation":{"provider":"WPGlobus","version":"3.0.2","language":"az","enabled_languages":["tl","az"],"languages":{"tl":{"title":true,"content":true,"excerpt":false},"az":{"title":false,"content":false,"excerpt":false}}},"_links":{"self":[{"href":"https:\/\/dodoqezeti.az\/az\/wp-json\/wp\/v2\/posts\/5546","targetHints":{"allow":["GET"]}}],"collection":[{"href":"https:\/\/dodoqezeti.az\/az\/wp-json\/wp\/v2\/posts"}],"about":[{"href":"https:\/\/dodoqezeti.az\/az\/wp-json\/wp\/v2\/types\/post"}],"author":[{"embeddable":true,"href":"https:\/\/dodoqezeti.az\/az\/wp-json\/wp\/v2\/users\/2"}],"replies":[{"embeddable":true,"href":"https:\/\/dodoqezeti.az\/az\/wp-json\/wp\/v2\/comments?post=5546"}],"version-history":[{"count":3,"href":"https:\/\/dodoqezeti.az\/az\/wp-json\/wp\/v2\/posts\/5546\/revisions"}],"predecessor-version":[{"id":5551,"href":"https:\/\/dodoqezeti.az\/az\/wp-json\/wp\/v2\/posts\/5546\/revisions\/5551"}],"wp:attachment":[{"href":"https:\/\/dodoqezeti.az\/az\/wp-json\/wp\/v2\/media?parent=5546"}],"wp:term":[{"taxonomy":"category","embeddable":true,"href":"https:\/\/dodoqezeti.az\/az\/wp-json\/wp\/v2\/categories?post=5546"},{"taxonomy":"post_tag","embeddable":true,"href":"https:\/\/dodoqezeti.az\/az\/wp-json\/wp\/v2\/tags?post=5546"}],"curies":[{"name":"wp","href":"https:\/\/api.w.org\/{rel}","templated":true}]}}