{"id":5697,"date":"2020-10-01T12:00:12","date_gmt":"2020-10-01T08:00:12","guid":{"rendered":"http:\/\/www.dodoqazeti.rf-studio.net\/?p=5697"},"modified":"2020-10-01T12:00:12","modified_gmt":"2020-10-01T08:00:12","slug":"bilsin-ana-torpaq-esitsin-v%c9%99t%c9%99n","status":"publish","type":"post","link":"https:\/\/dodoqezeti.az\/az\/2020\/10\/01\/bilsin-ana-torpaq-esitsin-v%c9%99t%c9%99n\/","title":{"rendered":"Bilsin ana torpaq, e\u015fitsin V\u0259t\u0259n!"},"content":{"rendered":"<div id=\"js_2\" class=\"_5pbx userContent _3576\" data-testid=\"post_message\" data-ft=\"{&quot;tn&quot;:&quot;K&quot;}\">\n<p><img decoding=\"async\" class=\"size-full wp-image-5699 alignleft lazyload\" data-src=\"https:\/\/www.dodoqazeti.rf-studio.net\/wp-content\/uploads\/2020\/10\/71888783_502545373636280_1588326425578962944_o.jpg\" alt=\"\" width=\"259\" height=\"257\" src=\"data:image\/svg+xml;base64,PHN2ZyB3aWR0aD0iMSIgaGVpZ2h0PSIxIiB4bWxucz0iaHR0cDovL3d3dy53My5vcmcvMjAwMC9zdmciPjwvc3ZnPg==\" style=\"--smush-placeholder-width: 259px; --smush-placeholder-aspect-ratio: 259\/257;\" \/>Bilsin ana torpaq, e\u015fitsin V\u0259t\u0259n!<br \/>\nB\u0259li, ana torpaq, V\u0259t\u0259n, b\u00fct\u00fcn d\u00fcnya bilsin, e\u015fitsin ki, m\u0259n, s\u0259n, biz-ham\u0131m\u0131z, L\u0259nk\u0259ran D\u00f6vl\u0259t Universitetinin b\u00fct\u00fcn kollektivi, b\u00fct\u00fcn Az\u0259rbaycan xalq\u0131 bu g\u00fcn m\u00fcs\u0259ll\u0259h \u0259sg\u0259rdir. Bu g\u00fcn ham\u0131m\u0131z bir n\u0259f\u0259r kimi Az\u0259rbaycan\u0131m\u0131z\u0131n \u0259razi b\u00fct\u00f6vl\u00fcy\u00fc, torpaqlar\u0131m\u0131z\u0131n i\u015f\u011faldan azad olunmas\u0131 namin\u0259 birik, birg\u0259yik, V\u0259t\u0259n m\u00fcharib\u0259sinin m\u00fcs\u0259ll\u0259h \u0259sg\u0259riyik!<br \/>\nB\u00f6y\u00fck f\u0259xar\u0259t hissi il\u0259 deyirik ki, bu g\u00fcn Az\u0259rbaycanda ya\u015fayan b\u00fct\u00fcn xalqlar\u0131n, dinl\u0259rin n\u00fcmay\u0259nd\u0259l\u0259ri, etnik azl\u0131qlar, milli birlikl\u0259r, siyasi partiyalar \u00f6lk\u0259 ba\u015f\u00e7\u0131s\u0131 c\u0259nab \u0130lham \u018fliyevin yan\u0131ndad\u0131r.\u00d6lk\u0259 ba\u015f\u00e7\u0131s\u0131n\u0131n Qaraba\u011f\u0131 , i\u015f\u011fal alt\u0131nda olan torpaqlar\u0131m\u0131z\u0131 erm\u0259ni q\u0259sbkarlar\u0131ndan azad etm\u0259k \u00e7a\u011f\u0131r\u0131\u015f\u0131na b\u00fct\u00fcn xalq yekdilikl\u0259 s\u0259s verdi, Az\u0259rbaycan d\u00f6vl\u0259tinin, ordusunun arxas\u0131nda bir da\u011f kimi dayand\u0131\u011f\u0131n\u0131, milli birliyini n\u00fcmayi\u015f etdirdi.<\/p>\n<p>\u00d6lk\u0259d\u0259 f\u0259aliyy\u0259t g\u00f6st\u0259r\u0259n 52 siyasi partiyan\u0131n 50-nin birg\u0259 b\u0259yanat\u0131 t\u0259kc\u0259 xalqla h\u00f6kum\u0259tin birliyind\u0259n x\u0259b\u0259r vermir, eyni zamanda Az\u0259rbaycanda ya\u015fanan siyasi birliyin t\u0259c\u0259ss\u00fcm\u00fcd\u00fcr.V\u0259t\u0259nin dar g\u00fcn\u00fcnd\u0259 \u00f6lk\u0259 siyas\u0259t\u00e7il\u0259rinin b\u00fct\u00fcn inciklikl\u0259ri aradan qald\u0131raraq Erm\u0259nistan\u0131n i\u015f\u011fal\u00e7\u0131 siyas\u0259tin\u0259 etiraz etm\u0259si, d\u00f6vl\u0259t maraqlar\u0131n\u0131 h\u0259r \u015feyd\u0259n \u00fcst\u00fcn tutmalar\u0131 xalq\u0131m\u0131zda milli idelogiya v\u0259 milli \u015f\u00fcurun y\u00fcks\u0259li\u015finin g\u00f6st\u0259ricisidir.Siyasi partiya r\u0259hb\u0259rl\u0259rinin \u00f6z birg\u0259 b\u0259yanatlar\u0131nda Az\u0259rbaycan Respublikas\u0131n\u0131n prezidenti \u0130lham \u018fliyevin : \u201cBizim Erm\u0259nistan torpa\u011f\u0131nda siyasi v\u0259 h\u0259rbi maraqlar\u0131m\u0131z yoxdur\u201d-fikrini sitat g\u0259tirm\u0259si Az\u0259rbaycan\u0131n \u0259dal\u0259tli m\u00f6vqe tutmas\u0131 haqq\u0131nda x\u0259b\u0259r verir.<br \/>\nTarix\u0259 n\u0259z\u0259r yetir\u0259k. 1941-1945-ci ill\u0259r B\u00f6y\u00fck V\u0259t\u0259n M\u00fcharib\u0259sind\u0259 sovet xalq\u0131n\u0131n t\u0259p\u0259d\u0259n d\u0131rna\u011fad\u0259k silahlanm\u0131\u015f fa\u015fist Almaniyas\u0131 \u00fcz\u0259rind\u0259 q\u0259l\u0259b\u0259 qazanmas\u0131n\u0131n \u0259sas s\u0259b\u0259bl\u0259rind\u0259n biri d\u0259 xalq\u0131n v\u0259 d\u00f6vl\u0259tin yekdilliyi, bir m\u0259qs\u0259d , bir m\u0259ram u\u011frunda m\u00fcbariz\u0259 aparmalar\u0131 , bir n\u00f6qt\u0259y\u0259 vurmalar\u0131 oldu.Bu g\u00fcn Az\u0259rbaycan Ordusunun q\u0259l\u0259b\u0259 qazanmas\u0131n\u0131 ist\u0259yiriks\u0259, ke\u00e7mi\u015fin d\u0259rsl\u0259rind\u0259n b\u0259hr\u0259l\u0259nm\u0259li, b\u00fct\u00fcn umu-k\u00fcs\u00fcl\u0259ri bir k\u0259nara qoyub vahid d\u00fc\u015fm\u0259n\u0259 qar\u015f\u0131 bir c\u0259bh\u0259d\u0259 birl\u0259\u015fm\u0259liyik.\u0130st\u0259r \u00f6lk\u0259 daxilind\u0259, ist\u0259rs\u0259 d\u0259 v\u0259t\u0259nd\u0259n xaricd\u0259 bacard\u0131\u011f\u0131m\u0131z q\u0259d\u0259r ordumuza, xalq\u0131m\u0131za k\u00f6m\u0259k olmal\u0131, haqq i\u015fin\u0259 d\u0259st\u0259k verm\u0259li, informasiya sava\u015f\u0131ndan qalib \u00e7\u0131xmal\u0131y\u0131q. \u00c7\u00fcnki, bizim ayr\u0131 V\u0259t\u0259nimiz, torpa\u011f\u0131m\u0131z, d\u00f6vl\u0259timiz yoxdur, bu g\u00fcn bir Vahid Az\u0259rbaycan var v\u0259 ham\u0131m\u0131z onun \u0259traf\u0131nda bir yumruq kimi birl\u0259\u015f\u0259r\u0259k maraqlar\u0131n\u0131 m\u00fcdafi\u0259 etm\u0259li, az\u011f\u0131n d\u00fc\u015fm\u0259nin ba\u015f\u0131n\u0131 \u0259zm\u0259li, v\u0259t\u0259nimizin b\u00fct\u00f6vl\u00fcy\u00fcn\u00fc b\u0259rpa etm\u0259liyik-b\u00fct\u00fcn umu-k\u00fcs\u00fcl\u0259ri unudaraq!<\/p>\n<p>\u00c7\u00fcnki, \u00f6lk\u0259d\u0259 m\u00fcharib\u0259 gedirs\u0259, h\u0259m d\u0259 bu m\u00fcharib\u0259 itirilmi\u015f torpaqlar\u0131n azad olunmas\u0131 \u00fc\u00e7\u00fcn haqq sava\u015f\u0131d\u0131rsa, damar\u0131ndan az\u0259rbaycanl\u0131 qan\u0131 axan he\u00e7 bir v\u0259t\u0259n o\u011flu k\u0259narda dayana bilm\u0259z. \u00d6n v\u0259 arxa c\u0259hb\u0259d\u0259 vuru\u015fmaq ham\u0131m\u0131z\u0131n vicdan i\u015fidir, v\u0259t\u0259nda\u015fl\u0131q borcumuzdur. Bu g\u00fcn Ali Ba\u015f Komandan Az\u0259rbaycan xalq\u0131n\u0131n s\u00f6z\u00fcn\u00fc deyir, maraqlar\u0131n\u0131 ifad\u0259 edir. \u201cRossiya-1\u201d telekanal\u0131nda yay\u0131mlanan \u201c60 d\u0259qiq\u0259\u201d proqram\u0131nda Az\u0259rbaycan-Erm\u0259nistan t\u0259mas x\u0259ttind\u0259 ba\u015f ver\u0259n son hadis\u0259l\u0259r\u0259 h\u0259sr olunan verili\u015fd\u0259 Az\u0259rbaycan Prezidenti \u0130lham \u018fliyevin apar\u0131c\u0131lar\u0131n suallar\u0131n\u0131 cavabland\u0131rark\u0259n dediyi \u201c Biz \u00f6z\u00fcm\u00fcz\u00fc m\u00fcdafi\u0259 etm\u0259y\u0259 v\u0259 t\u0259cav\u00fczkar\u0131 el\u0259 c\u0259zaland\u0131rma\u011fa qabilik ki, o, bir daha bizim t\u0259r\u0259f\u0259 baxma\u011fa c\u0259sar\u0259t etm\u0259sin\u201d fikri b\u00fct\u00fcn mill\u0259ti birl\u0259\u015fdir\u0259n amal olmal\u0131d\u0131r.<br \/>\nBu g\u00fcn b\u00fct\u00fcn LDU kollektivi Erm\u0259nistana s\u0259sl\u0259nir: \u201cZ\u0259f\u0259r bizimkidir!\u201d.\u00c7\u00fcnki bizim m\u00fcbariz\u0259miz haqq i\u015fidir, Az\u0259rbaycan xalq\u0131 \u00f6z torpa\u011f\u0131nda d\u00f6y\u00fc\u015f\u00fcr, Az\u0259rbaycan \u0259sg\u0259ri \u00f6z v\u0259t\u0259nini m\u00fcdafi\u0259 edir v\u0259 \u0259n n\u0259hay\u0259t, b\u00fct\u00fcn xalq bir yerd\u0259dir, yekdildir!<br \/>\nBiz birlikd\u0259 g\u00fccl\u00fcy\u00fck!<\/p>\n<p><strong>Esmira \u0130smay\u0131lova<\/strong><\/p>\n<p>&nbsp;<\/p>\n<\/div>\n","protected":false},"excerpt":{"rendered":"<p>Bilsin ana torpaq, e\u015fitsin V\u0259t\u0259n! B\u0259li, ana torpaq, V\u0259t\u0259n, b\u00fct\u00fcn d\u00fcnya bilsin, e\u015fitsin ki, m\u0259n, s\u0259n, biz-ham\u0131m\u0131z, L\u0259nk\u0259ran D\u00f6vl\u0259t Universitetinin b\u00fct\u00fcn kollektivi, b\u00fct\u00fcn Az\u0259rbaycan xalq\u0131 bu g\u00fcn m\u00fcs\u0259ll\u0259h \u0259sg\u0259rdir. Bu g\u00fcn ham\u0131m\u0131z bir n\u0259f\u0259r kimi Az\u0259rbaycan\u0131m\u0131z\u0131n \u0259razi b\u00fct\u00f6vl\u00fcy\u00fc, torpaqlar\u0131m\u0131z\u0131n i\u015f\u011faldan azad olunmas\u0131 namin\u0259 birik, birg\u0259yik, V\u0259t\u0259n m\u00fcharib\u0259sinin m\u00fcs\u0259ll\u0259h \u0259sg\u0259riyik! B\u00f6y\u00fck f\u0259xar\u0259t hissi il\u0259 deyirik ki, [&hellip;]<\/p>\n","protected":false},"author":2,"featured_media":0,"comment_status":"closed","ping_status":"closed","sticky":false,"template":"","format":"standard","meta":{"footnotes":""},"categories":[66,68],"tags":[],"class_list":["post-5697","post","type-post","status-publish","format-standard","hentry","category-olk","category-siyast"],"translation":{"provider":"WPGlobus","version":"3.0.2","language":"az","enabled_languages":["tl","az"],"languages":{"tl":{"title":true,"content":true,"excerpt":false},"az":{"title":false,"content":false,"excerpt":false}}},"_links":{"self":[{"href":"https:\/\/dodoqezeti.az\/az\/wp-json\/wp\/v2\/posts\/5697","targetHints":{"allow":["GET"]}}],"collection":[{"href":"https:\/\/dodoqezeti.az\/az\/wp-json\/wp\/v2\/posts"}],"about":[{"href":"https:\/\/dodoqezeti.az\/az\/wp-json\/wp\/v2\/types\/post"}],"author":[{"embeddable":true,"href":"https:\/\/dodoqezeti.az\/az\/wp-json\/wp\/v2\/users\/2"}],"replies":[{"embeddable":true,"href":"https:\/\/dodoqezeti.az\/az\/wp-json\/wp\/v2\/comments?post=5697"}],"version-history":[{"count":2,"href":"https:\/\/dodoqezeti.az\/az\/wp-json\/wp\/v2\/posts\/5697\/revisions"}],"predecessor-version":[{"id":5701,"href":"https:\/\/dodoqezeti.az\/az\/wp-json\/wp\/v2\/posts\/5697\/revisions\/5701"}],"wp:attachment":[{"href":"https:\/\/dodoqezeti.az\/az\/wp-json\/wp\/v2\/media?parent=5697"}],"wp:term":[{"taxonomy":"category","embeddable":true,"href":"https:\/\/dodoqezeti.az\/az\/wp-json\/wp\/v2\/categories?post=5697"},{"taxonomy":"post_tag","embeddable":true,"href":"https:\/\/dodoqezeti.az\/az\/wp-json\/wp\/v2\/tags?post=5697"}],"curies":[{"name":"wp","href":"https:\/\/api.w.org\/{rel}","templated":true}]}}