{"id":6502,"date":"2021-07-29T23:18:20","date_gmt":"2021-07-29T19:18:20","guid":{"rendered":"https:\/\/www.dodoqazeti.rf-studio.net\/?p=6502"},"modified":"2021-07-29T23:18:20","modified_gmt":"2021-07-29T19:18:20","slug":"orxan-musayev-qizil-q%c9%99l%c9%99m-media-mukafatina-layiq-gorulub","status":"publish","type":"post","link":"https:\/\/dodoqezeti.az\/az\/2021\/07\/29\/orxan-musayev-qizil-q%c9%99l%c9%99m-media-mukafatina-layiq-gorulub\/","title":{"rendered":"Orxan Musayev &#8220;Q\u0131z\u0131l q\u0259l\u0259m&#8221; media m\u00fckafat\u0131na layiq g\u00f6r\u00fcl\u00fcb"},"content":{"rendered":"<p><img decoding=\"async\" class=\"size-medium wp-image-6504 alignleft lazyload\" data-src=\"https:\/\/www.dodoqazeti.rf-studio.net\/wp-content\/uploads\/2021\/07\/89468c07-a016-4b08-af52-ecf7266fdcd1-212x300.jpg\" alt=\"\" width=\"212\" height=\"300\" src=\"data:image\/svg+xml;base64,PHN2ZyB3aWR0aD0iMSIgaGVpZ2h0PSIxIiB4bWxucz0iaHR0cDovL3d3dy53My5vcmcvMjAwMC9zdmciPjwvc3ZnPg==\" style=\"--smush-placeholder-width: 212px; --smush-placeholder-aspect-ratio: 212\/300;\" \/> Az\u0259rbaycan Jurnalistl\u0259r Birliyinin \u00fczv\u00fc, yaz\u0131\u00e7\u0131-publisist Orxan Musayev d\u00f6vri m\u0259tbuatda \u00e7ap olunan publisistik yaz\u0131lar\u0131na g\u00f6r\u0259, Az\u0259rbaycan K\u00fctl\u0259vi \u0130nformasiya Vasit\u0259l\u0259ri H\u0259mkarlar \u0130ttifaq\u0131 R\u0259yas\u0259t Hey\u0259tinin q\u0259rar\u0131 il\u0259 \u201cQ\u0131z\u0131l q\u0259l\u0259m\u201d media m\u00fckafat\u0131na layiq g\u00f6r\u00fcl\u00fcb.<\/p>\n<p>M\u00fc\u0259llifin m\u00fcxt\u0259lif m\u00f6vzularda m\u0259qal\u0259 v\u0259 yaz\u0131lar\u0131 d\u00f6vri m\u0259tbuatda m\u00fct\u0259madi d\u0259rc edil\u0259r\u0259k ictimaiyy\u0259t n\u00fcmay\u0259nd\u0259l\u0259rinin diqq\u0259tin\u0259 \u00e7atd\u0131r\u0131l\u0131r.<\/p>\n<p>Xat\u0131rladaq ki, &#8220;Q\u0131z\u0131l q\u0259l\u0259m&#8221; m\u00fckafat\u0131 1970-ci ild\u0259n 1991-ci il\u0259d\u0259k Az\u0259rbaycan Jurnalistl\u0259r Birliyi t\u0259r\u0259find\u0259n \u0259n yax\u015f\u0131, f\u0259al, pe\u015f\u0259kar jurnalistl\u0259r\u0259 t\u0259qdim olunub.<\/p>\n<p>2000-ci ild\u0259n is\u0259 m\u00fckafat K\u00fctl\u0259vi \u0130nformasiya Vasit\u0259l\u0259rinin H\u0259mkarlar \u0130ttifaq\u0131 (K\u0130VH\u0130) t\u0259r\u0259find\u0259n t\u0259qdim edilir.<\/p>\n","protected":false},"excerpt":{"rendered":"<p>Az\u0259rbaycan Jurnalistl\u0259r Birliyinin \u00fczv\u00fc, yaz\u0131\u00e7\u0131-publisist Orxan Musayev d\u00f6vri m\u0259tbuatda \u00e7ap olunan publisistik yaz\u0131lar\u0131na g\u00f6r\u0259, Az\u0259rbaycan K\u00fctl\u0259vi \u0130nformasiya Vasit\u0259l\u0259ri H\u0259mkarlar \u0130ttifaq\u0131 R\u0259yas\u0259t Hey\u0259tinin q\u0259rar\u0131 il\u0259 \u201cQ\u0131z\u0131l q\u0259l\u0259m\u201d media m\u00fckafat\u0131na layiq g\u00f6r\u00fcl\u00fcb. M\u00fc\u0259llifin m\u00fcxt\u0259lif m\u00f6vzularda m\u0259qal\u0259 v\u0259 yaz\u0131lar\u0131 d\u00f6vri m\u0259tbuatda m\u00fct\u0259madi d\u0259rc edil\u0259r\u0259k ictimaiyy\u0259t n\u00fcmay\u0259nd\u0259l\u0259rinin diqq\u0259tin\u0259 \u00e7atd\u0131r\u0131l\u0131r. Xat\u0131rladaq ki, &#8220;Q\u0131z\u0131l q\u0259l\u0259m&#8221; m\u00fckafat\u0131 1970-ci ild\u0259n 1991-ci il\u0259d\u0259k Az\u0259rbaycan [&hellip;]<\/p>\n","protected":false},"author":2,"featured_media":0,"comment_status":"closed","ping_status":"closed","sticky":false,"template":"","format":"standard","meta":{"footnotes":""},"categories":[70,44,66,34],"tags":[],"class_list":["post-6502","post","type-post","status-publish","format-standard","hentry","category-elm-v-thsil","category-dbiyyat","category-olk","category-ziyalilarimiz"],"translation":{"provider":"WPGlobus","version":"3.0.2","language":"az","enabled_languages":["tl","az"],"languages":{"tl":{"title":true,"content":true,"excerpt":false},"az":{"title":false,"content":false,"excerpt":false}}},"_links":{"self":[{"href":"https:\/\/dodoqezeti.az\/az\/wp-json\/wp\/v2\/posts\/6502","targetHints":{"allow":["GET"]}}],"collection":[{"href":"https:\/\/dodoqezeti.az\/az\/wp-json\/wp\/v2\/posts"}],"about":[{"href":"https:\/\/dodoqezeti.az\/az\/wp-json\/wp\/v2\/types\/post"}],"author":[{"embeddable":true,"href":"https:\/\/dodoqezeti.az\/az\/wp-json\/wp\/v2\/users\/2"}],"replies":[{"embeddable":true,"href":"https:\/\/dodoqezeti.az\/az\/wp-json\/wp\/v2\/comments?post=6502"}],"version-history":[{"count":2,"href":"https:\/\/dodoqezeti.az\/az\/wp-json\/wp\/v2\/posts\/6502\/revisions"}],"predecessor-version":[{"id":6507,"href":"https:\/\/dodoqezeti.az\/az\/wp-json\/wp\/v2\/posts\/6502\/revisions\/6507"}],"wp:attachment":[{"href":"https:\/\/dodoqezeti.az\/az\/wp-json\/wp\/v2\/media?parent=6502"}],"wp:term":[{"taxonomy":"category","embeddable":true,"href":"https:\/\/dodoqezeti.az\/az\/wp-json\/wp\/v2\/categories?post=6502"},{"taxonomy":"post_tag","embeddable":true,"href":"https:\/\/dodoqezeti.az\/az\/wp-json\/wp\/v2\/tags?post=6502"}],"curies":[{"name":"wp","href":"https:\/\/api.w.org\/{rel}","templated":true}]}}