{"id":6540,"date":"2021-07-30T12:13:53","date_gmt":"2021-07-30T08:13:53","guid":{"rendered":"https:\/\/www.dodoqazeti.rf-studio.net\/?p=6540"},"modified":"2021-07-30T12:14:38","modified_gmt":"2021-07-30T08:14:38","slug":"haci-dadasov-milis-polkovniki","status":"publish","type":"post","link":"https:\/\/dodoqezeti.az\/az\/2021\/07\/30\/haci-dadasov-milis-polkovniki\/","title":{"rendered":"\u00a0\u00a0\u00a0\u00a0\u00a0\u00a0\u00a0\u00a0\u00a0\u00a0 HACI DADA\u015eOV-M\u0130L\u0130S POLKOVN\u0130K\u0130"},"content":{"rendered":"<p><strong> <img decoding=\"async\" class=\"size-medium wp-image-6541 alignleft lazyload\" data-src=\"https:\/\/www.dodoqazeti.rf-studio.net\/wp-content\/uploads\/2021\/07\/218094892_1011755589651185_8039335476983280907_n-293x300.jpg\" alt=\"\" width=\"293\" height=\"300\" src=\"data:image\/svg+xml;base64,PHN2ZyB3aWR0aD0iMSIgaGVpZ2h0PSIxIiB4bWxucz0iaHR0cDovL3d3dy53My5vcmcvMjAwMC9zdmciPjwvc3ZnPg==\" style=\"--smush-placeholder-width: 293px; --smush-placeholder-aspect-ratio: 293\/300;\" \/><\/strong><\/p>\n<p>Hac\u0131 M\u00fcseyib o\u011flu Dada\u015fov 4 iyul 1937-ci ild\u0259 L\u0259nk\u0259ran rayonunun Mamusta k\u0259ndind\u0259 anadan olmu\u015fdur.<\/p>\n<p>-1954-c\u00fc ild\u0259 Mamusta k\u0259nd orta m\u0259kt\u0259bini bitirmi\u015f v\u0259 h\u0259qiqi h\u0259rbi xidm\u0259t\u0259 getmi\u015fdir. H\u0259rbi xidm\u0259tini ba\u015fa vurduqdan sonra s\u0131ravi milis kimi f\u0259aliyy\u0259t g\u00f6st\u0259rmi\u015fdir.<\/p>\n<p>-1962-ci ild\u0259 Minsk Milis m\u0259kt\u0259bini bitirmi\u015f v\u0259 Bil\u0259suvar rayonunda milis sah\u0259 m\u00fcv\u0259kkili i\u015fl\u0259mi\u015fdir.<\/p>\n<p>-1967-ci ild\u0259 Moskva Ali Milis m\u0259kt\u0259bini bitirmi\u015fdir. El\u0259 h\u0259min il Sabirabad rayon Daxili \u0130\u015fl\u0259r \u015e\u00f6b\u0259sinin r\u0259is m\u00fcavini v\u0259zif\u0259sin\u0259 ir\u0259li \u00e7\u0259kilmi\u015fdir.<\/p>\n<p>-1970-ci ild\u0259 L\u0259nk\u0259ran \u015f\u0259h\u0259r Milis \u015f\u00f6b\u0259sinin r\u0259is m\u00fcavini t\u0259yin edilmi\u015fdir.<\/p>\n<p>1973-1978- ci ill\u0259r\u0259d\u0259 \u015eu\u015fa \u015f\u0259h\u0259rind\u0259<\/p>\n<p>-1983-c\u00fc ill\u0259rd\u0259 F\u00fczuli rayonunda,<\/p>\n<p>-1983-1985-ci ill\u0259rd\u0259 Bak\u0131 \u015f\u0259h\u0259ri Yasamal rayonunun Milis \u015f\u00f6b\u0259sin\u0259 r\u0259is t\u0259yin olunmu\u015fdur.<\/p>\n<p>Hac\u0131 M\u00fcseyib o\u011flu Dada\u015fov 29 iyun 1985-ci ild\u0259 Bak\u0131-L\u0259nk\u0259ran yolunda a\u011f\u0131r yol q\u0259zas\u0131 n\u0259tic\u0259sind\u0259 d\u00fcnyas\u0131n\u0131 faci\u0259li \u015f\u0259kild\u0259 d\u0259yi\u015fmi\u015fdir.<\/p>\n<p>23 \u00f6vlad\u0131 avlad\u0131 var 2 q\u0131z bir o\u011flan. Hal-haz\u0131rda 1 q\u0131z n\u0259v\u0259si babas\u0131n\u0131n yolunu \u015f\u0259r\u0259fl\u0259 davam etdirir.<\/p>\n<p><strong>G\u00d6Z\u018fL ATAM<\/strong><\/p>\n<p>S\u0259nd\u0259nd\u0259n sonra oca\u011f\u0131m\u0131z da \u0259vv\u0259lki t\u0259k g\u00fcr yanmay\u0131r,<\/p>\n<p>S\u0259nd\u0259n sonra bax\u00e7am\u0131z da \u0259vv\u0259li t\u0259k g\u00fcl a\u00e7may\u0131r.<\/p>\n<p>S\u0259nd\u0259n sonra biz\u0259 g\u0259l\u0259n qonaqlar da g\u0259lmir daha.<\/p>\n<p>G\u00f6z\u0259l Atam milyon-milyon adam g\u0259ls\u0259,<\/p>\n<p>Ne\u00e7\u0259 qohum, h\u0259m dostlar\u0131n yadlar g\u0259ls\u0259,<\/p>\n<p>H\u0259sr\u0259timin bu yan\u011f\u0131s\u0131 s\u00f6n\u0259n deyil.<\/p>\n<p>Bilir\u0259m ki, s\u0259n g\u0259zdiyin o yerl\u0259rd\u0259 ot ba\u011flay\u0131b,<\/p>\n<p>Yamaclar da \u00e7i\u00e7\u0259kl\u0259yib g\u00fcl ba\u011fl\u0131y\u0131b.<\/p>\n<p>Amma s\u0259nin \u00e7ox yerl\u0259rd\u0259 gizlin-gizlin, a\u015fkar-a\u015fkar izin qal\u0131b.<\/p>\n<p>\u00d6vladlar\u0131n bax\u0131\u015f\u0131nda g\u00f6zl\u0259rind\u0259 g\u00f6z\u00fcn qal\u0131b,<\/p>\n<p>N\u0259v\u0259l\u0259rin g\u00fcl \u00fcz\u00fcnd\u0259, g\u00f6zl\u0259rind\u0259 g\u00f6z\u00fcn qald\u0131.<\/p>\n<p>Bir yast\u0131\u011fa ba\u015f qoydu\u011fun \u00f6z anam\u0131n,<\/p>\n<p>Xan\u0131m\u0131n\u0131n, m\u0259l\u0259yinin, sa\u00e7lar\u0131nda, tell\u0259rind\u0259,<\/p>\n<p>\u018fll\u0259rinin, s\u0131\u011fal\u0131n\u0131n izi qald\u0131.<\/p>\n<p>G\u00f6z\u0259l Atam, m\u0259\u011frur Atam!<\/p>\n<p>S\u0259nin h\u0259l\u0259 ne\u00e7\u0259-ne\u00e7\u0259 ya\u015fanmam\u0131\u015f g\u00fcn\u00fcn, ay\u0131n, ilin qald\u0131&#8230;<\/p>\n<p>G\u00f6z\u0259l Atam, \u015f\u0259klinl\u0259 dan\u0131\u015f\u0131ram,<\/p>\n<p>\u015e\u0259klinl\u0259 dan\u0131\u015fmaqdan bezdim Ata!<\/p>\n<p>Bizi niy\u0259 bel\u0259 tez t\u0259rk etdin, getdin Ata?<\/p>\n<p>Allah\u0131mla dan\u0131\u015f\u0131ram m\u00f6c\u00fcz\u0259l\u0259r yaradan\u0131m,<\/p>\n<p>Bu d\u00fcnyan\u0131, o, d\u00fcnyan\u0131 yaradansan Yaradan\u0131m.<\/p>\n<p>Yen\u0259 yarat, amma \u0259fh et, s\u0259n ba\u011f\u0131\u015fla, \u0259fh et m\u0259ni.<\/p>\n<p>Ayr\u0131l\u0131\u011fa qara x\u0259tt \u00e7\u0259k, hicran odun yan\u011f\u0131s\u0131na,<\/p>\n<p>S\u0259rin su s\u0259p s\u00f6nd\u00fcr onu, sevdam\u0131za \u00f6z\u00fcn yol a\u00e7.<\/p>\n<p>Sevgimizi \u00f6z\u00fcn \u00e7oxalt.<\/p>\n<p>\u0130nsanlar\u0131n arzusu \u00e7ox,<\/p>\n<p>Dil\u0259yi \u00e7ox, m\u0259nim is\u0259 bir duam var:<\/p>\n<p>-Yaradan\u0131m, Ulum m\u0259nim q\u0131sa el\u0259, bu h\u0259sr\u0259ti, r\u0259hm et biz\u0259.<\/p>\n<p>Yoxdu tab\u0131m, yoxdu d\u00f6z\u00fcm,<\/p>\n<p>Varl\u0131lardan Varl\u0131m m\u0259nim, ey Q\u00fcdr\u0259tim!<\/p>\n<p>Q\u0131sa el\u0259, bu h\u0259sr\u0259ti, r\u0259hm et biz\u0259,<\/p>\n<p>\u00d6z\u00fcn yarat, m\u00f6c\u00fcz\u0259 et \u0259fh et bizi,<\/p>\n<p>\u00d6z\u00fcn yarat, r\u0259hm et biz\u0259,<\/p>\n<p>\u018ffv et m\u0259ni, bu s\u00f6z\u00fcm\u0259&#8230;<\/p>\n<p>S\u0259n Atam\u0131, S\u0259n Atalar\u0131 qaytar biz\u0259.<\/p>\n<p><strong>\u00a0<\/strong><\/p>\n<p><strong>K\u0259mal\u0259 Hac\u0131q\u0131z\u0131 Dad\u015fova<\/strong><\/p>\n<p><strong>L\u0259nkaran, Mamusta<\/strong><\/p>\n","protected":false},"excerpt":{"rendered":"<p>Hac\u0131 M\u00fcseyib o\u011flu Dada\u015fov 4 iyul 1937-ci ild\u0259 L\u0259nk\u0259ran rayonunun Mamusta k\u0259ndind\u0259 anadan olmu\u015fdur. -1954-c\u00fc ild\u0259 Mamusta k\u0259nd orta m\u0259kt\u0259bini bitirmi\u015f v\u0259 h\u0259qiqi h\u0259rbi xidm\u0259t\u0259 getmi\u015fdir. H\u0259rbi xidm\u0259tini ba\u015fa vurduqdan sonra s\u0131ravi milis kimi f\u0259aliyy\u0259t g\u00f6st\u0259rmi\u015fdir. -1962-ci ild\u0259 Minsk Milis m\u0259kt\u0259bini bitirmi\u015f v\u0259 Bil\u0259suvar rayonunda milis sah\u0259 m\u00fcv\u0259kkili i\u015fl\u0259mi\u015fdir. -1967-ci ild\u0259 Moskva Ali Milis m\u0259kt\u0259bini [&hellip;]<\/p>\n","protected":false},"author":2,"featured_media":0,"comment_status":"closed","ping_status":"closed","sticky":false,"template":"","format":"standard","meta":{"footnotes":""},"categories":[28,26,34],"tags":[],"class_list":["post-6540","post","type-post","status-publish","format-standard","hentry","category-tbrik","category-xbrlr","category-ziyalilarimiz"],"translation":{"provider":"WPGlobus","version":"3.0.2","language":"az","enabled_languages":["tl","az"],"languages":{"tl":{"title":true,"content":true,"excerpt":false},"az":{"title":false,"content":false,"excerpt":false}}},"_links":{"self":[{"href":"https:\/\/dodoqezeti.az\/az\/wp-json\/wp\/v2\/posts\/6540","targetHints":{"allow":["GET"]}}],"collection":[{"href":"https:\/\/dodoqezeti.az\/az\/wp-json\/wp\/v2\/posts"}],"about":[{"href":"https:\/\/dodoqezeti.az\/az\/wp-json\/wp\/v2\/types\/post"}],"author":[{"embeddable":true,"href":"https:\/\/dodoqezeti.az\/az\/wp-json\/wp\/v2\/users\/2"}],"replies":[{"embeddable":true,"href":"https:\/\/dodoqezeti.az\/az\/wp-json\/wp\/v2\/comments?post=6540"}],"version-history":[{"count":3,"href":"https:\/\/dodoqezeti.az\/az\/wp-json\/wp\/v2\/posts\/6540\/revisions"}],"predecessor-version":[{"id":6544,"href":"https:\/\/dodoqezeti.az\/az\/wp-json\/wp\/v2\/posts\/6540\/revisions\/6544"}],"wp:attachment":[{"href":"https:\/\/dodoqezeti.az\/az\/wp-json\/wp\/v2\/media?parent=6540"}],"wp:term":[{"taxonomy":"category","embeddable":true,"href":"https:\/\/dodoqezeti.az\/az\/wp-json\/wp\/v2\/categories?post=6540"},{"taxonomy":"post_tag","embeddable":true,"href":"https:\/\/dodoqezeti.az\/az\/wp-json\/wp\/v2\/tags?post=6540"}],"curies":[{"name":"wp","href":"https:\/\/api.w.org\/{rel}","templated":true}]}}