{"id":6560,"date":"2021-07-30T14:02:02","date_gmt":"2021-07-30T10:02:02","guid":{"rendered":"https:\/\/www.dodoqazeti.rf-studio.net\/?p=6560"},"modified":"2021-07-30T14:02:02","modified_gmt":"2021-07-30T10:02:02","slug":"dodo-kitabi-talis-dilind%c9%99-antaloqiya","status":"publish","type":"post","link":"https:\/\/dodoqezeti.az\/az\/2021\/07\/30\/dodo-kitabi-talis-dilind%c9%99-antaloqiya\/","title":{"rendered":"\u00a0\u00a0\u00a0\u00a0\u00a0\u00a0\u00a0\u00a0\u00a0\u00a0\u00a0\u00a0\u00a0 \u00a0\u00a0\u00a0\u00a0\u00a0\u00a0\u00a0\u00a0\u00a0\u00a0\u00a0\u00a0\u00a0DODO K\u0130TABI-TALI\u015e D\u0130L\u0130ND\u018f ANTALOQ\u0130YA"},"content":{"rendered":"<p>&nbsp;<\/p>\n<p><img decoding=\"async\" class=\"size-medium wp-image-6434 alignleft lazyload\" data-src=\"https:\/\/www.dodoqazeti.rf-studio.net\/wp-content\/uploads\/2021\/07\/irada-277x300.jpg\" alt=\"\" width=\"277\" height=\"300\" src=\"data:image\/svg+xml;base64,PHN2ZyB3aWR0aD0iMSIgaGVpZ2h0PSIxIiB4bWxucz0iaHR0cDovL3d3dy53My5vcmcvMjAwMC9zdmciPjwvc3ZnPg==\" style=\"--smush-placeholder-width: 277px; --smush-placeholder-aspect-ratio: 277\/300;\" \/><\/p>\n<p><strong>\u00a0 \u00a0 \u00a0 \u00a0 \u00a0 \u00a0 \u00a0 \u00a0 \u00a0 \u00a0\u201cDODO\u201d<\/strong> q\u0259zeti 2017-ci ild\u0259n \u00e7ap olunur. Q\u0259zetd\u0259 Tal\u0131\u015f xalq\u0131n\u0131n ad\u0259t \u0259n\u0259n\u0259l\u0259ri, folkloru, tarixi \u015f\u0259xsiyy\u0259tl\u0259ri il\u0259 yana\u015f\u0131 \u00f6lk\u0259mizd\u0259 ya\u015fayan dig\u0259r xalqlar\u0131n ad\u0259t-\u0259n\u0259n\u0259l\u0259ri, milli kultural d\u0259y\u0259rl\u0259ri, tarixi \u015f\u0259xsiyy\u0259tl\u0259ri, z\u0259hm\u0259tke\u015f insanlar\u0131 haqq\u0131nda, el\u0259c\u0259 d\u0259 \u015fair v\u0259 yaz\u0131\u00e7\u0131lar\u0131n yarad\u0131c\u0131l\u0131\u011f\u0131 bar\u0259d\u0259 t\u0259hlili yaz\u0131lar d\u0259rc olunur.<\/p>\n<p>V\u0259t\u0259nimizin azadl\u0131\u011f\u0131, \u0259razi b\u00fct\u00f6vl\u00fc u\u011frunda \u015f\u0259hid olmu\u015f soyda\u015flar\u0131m\u0131z haqq\u0131nda q\u0259zetin h\u0259r bir say\u0131nda yaz\u0131lm\u0131\u015f m\u0259qal\u0259l\u0259r redaksiyaya geni\u015f oxucu r\u0259\u011fb\u0259ti qazand\u0131rm\u0131\u015fd\u0131r.<\/p>\n<p>Q\u0259zetin \u00fc\u00e7 il yar\u0131m \u0259rzind\u0259 \u00e7ap olunmu\u015f b\u00fct\u00fcn materiallar 4 cildlik<\/p>\n<p>kitab format\u0131nda oxuculara t\u0259qdim olunur.<\/p>\n<p>\u201cDODO\u201d q\u0259zeti h\u0259m d\u0259 \u00e7ox dilli bir q\u0259zetdir. Ana yurdumuz Az\u0259rbaycan\u0131m\u0131zda ya\u015fayan b\u00fct\u00fcn xalqlar\u0131n dem\u0259k olar k\u0131 \u00e7oxusunun dilind\u0259 yaz\u0131 d\u0259rc etmi\u015fik. B\u0259li \u201cDODO\u201d q\u0259zeti xalq\u0131n q\u0259zetidir. \u201cDODO\u201d q\u0259zeti multikultural bir q\u0259zetdir. Q\u0259zetin maliyy\u0259 d\u0259st\u0259yin\u0259 g\u00f6r\u0259 \u00e7ox\u00a0 \u00e7\u0259tinlikl\u0259rl\u0259 \u00fczl\u0259\u015fm\u0259sin\u0259 baxmayaraq 4 ildir ki \u00f6z\u00a0 ayaqlar\u0131 \u00fcz\u0259rind\u0259 dayana bilib. \u00dcmid edirik ki \u00d6lk\u0259 r\u0259hb\u0259rliyi Az\u0259rbaycan\u0131m\u0131zda ya\u015fayan k\u00f6kl\u00fc xlaqlar\u0131n dilind\u0259 olan q\u0259zetl\u0259r\u0259 d\u0259 bir yol a\u00e7acaq. N\u0259 \u201cDODO\u201d q\u0259zeti, n\u0259 dodoqezte.az sayt\u0131 n\u0259d\u0259 Dodo TV he\u00e7 bir yerd\u0259n r\u0259smi d\u0259st\u0259k almadan \u00e7al\u0131\u015f\u0131r. Bel\u0259 olan halda q\u0259zet \u00e7ox \u00e7\u0259tinlil\u0131rl\u0259 \u00fcz-\u00fcz\u0259 dayan\u0131r. Buna baxmayaraq Pandemiya\u00a0 d\u00f6v\u00fcrnd\u0259 d\u0259 q\u0259zet \u00f6z f\u0259aliyy\u0259tini dyand\u0131rmad\u0131.<\/p>\n<p>\u0130yulun 22 \u2013d\u0259 m\u0259tbuat g\u00fcn\u00fcd\u00fcr v\u0259 bizim \u201cDODO\u201d-da \u00f6z 4 ya\u015f\u0131n\u0131 qeyd edir. Bu m\u00fcnasib\u0259tl\u0259 b\u00fct\u00fcn Dodo sev\u0259rl\u0259ri t\u0259brik edirik.<\/p>\n<p>\u201cDODO\u201d 4 cilidlik kitab\u0131n \u00e7ap\u0131na d\u0259st\u0259k olan Litvada ya\u015fayan i\u015f adam\u0131 Kamal Y\u0259hya o\u011flu Z\u00fclfiyevdir. Kamal boyli Lerikin Zard\u0259b\u0259 k\u0259ndind\u0259ndir. B\u00fct\u00fcn redaksiya hey\u0259ti v\u0259 tal\u0131\u015f xalq\u0131 ad\u0131ndan ona \u00f6z minn\u0259tdarl\u0131\u011f\u0131m\u0131z\u0131 bildiririk.<\/p>\n<p><strong>\u00a0\u00a0\u00a0\u00a0\u00a0 \u201cDODO\u201d kitab\u0131n\u0131n t\u0259qdimat\u0131 sentyabr ay\u0131nda Baki Beyn\u0259lxalq Multikulturalzim M\u0259rk\u0259zind\u0259 ke\u00e7iril\u0259c\u0259kdir.<\/strong><\/p>\n","protected":false},"excerpt":{"rendered":"<p>&nbsp; \u00a0 \u00a0 \u00a0 \u00a0 \u00a0 \u00a0 \u00a0 \u00a0 \u00a0 \u00a0\u201cDODO\u201d q\u0259zeti 2017-ci ild\u0259n \u00e7ap olunur. Q\u0259zetd\u0259 Tal\u0131\u015f xalq\u0131n\u0131n ad\u0259t \u0259n\u0259n\u0259l\u0259ri, folkloru, tarixi \u015f\u0259xsiyy\u0259tl\u0259ri il\u0259 yana\u015f\u0131 \u00f6lk\u0259mizd\u0259 ya\u015fayan dig\u0259r xalqlar\u0131n ad\u0259t-\u0259n\u0259n\u0259l\u0259ri, milli kultural d\u0259y\u0259rl\u0259ri, tarixi \u015f\u0259xsiyy\u0259tl\u0259ri, z\u0259hm\u0259tke\u015f insanlar\u0131 haqq\u0131nda, el\u0259c\u0259 d\u0259 \u015fair v\u0259 yaz\u0131\u00e7\u0131lar\u0131n yarad\u0131c\u0131l\u0131\u011f\u0131 bar\u0259d\u0259 t\u0259hlili yaz\u0131lar d\u0259rc olunur. V\u0259t\u0259nimizin azadl\u0131\u011f\u0131, \u0259razi b\u00fct\u00f6vl\u00fc u\u011frunda [&hellip;]<\/p>\n","protected":false},"author":2,"featured_media":0,"comment_status":"closed","ping_status":"closed","sticky":false,"template":"","format":"standard","meta":{"footnotes":""},"categories":[39,41,40,28,26],"tags":[],"class_list":["post-6560","post","type-post","status-publish","format-standard","hentry","category-dil","category-kitablar","category-qzet","category-tbrik","category-xbrlr"],"translation":{"provider":"WPGlobus","version":"3.0.2","language":"az","enabled_languages":["tl","az"],"languages":{"tl":{"title":true,"content":true,"excerpt":false},"az":{"title":false,"content":false,"excerpt":false}}},"_links":{"self":[{"href":"https:\/\/dodoqezeti.az\/az\/wp-json\/wp\/v2\/posts\/6560","targetHints":{"allow":["GET"]}}],"collection":[{"href":"https:\/\/dodoqezeti.az\/az\/wp-json\/wp\/v2\/posts"}],"about":[{"href":"https:\/\/dodoqezeti.az\/az\/wp-json\/wp\/v2\/types\/post"}],"author":[{"embeddable":true,"href":"https:\/\/dodoqezeti.az\/az\/wp-json\/wp\/v2\/users\/2"}],"replies":[{"embeddable":true,"href":"https:\/\/dodoqezeti.az\/az\/wp-json\/wp\/v2\/comments?post=6560"}],"version-history":[{"count":2,"href":"https:\/\/dodoqezeti.az\/az\/wp-json\/wp\/v2\/posts\/6560\/revisions"}],"predecessor-version":[{"id":6563,"href":"https:\/\/dodoqezeti.az\/az\/wp-json\/wp\/v2\/posts\/6560\/revisions\/6563"}],"wp:attachment":[{"href":"https:\/\/dodoqezeti.az\/az\/wp-json\/wp\/v2\/media?parent=6560"}],"wp:term":[{"taxonomy":"category","embeddable":true,"href":"https:\/\/dodoqezeti.az\/az\/wp-json\/wp\/v2\/categories?post=6560"},{"taxonomy":"post_tag","embeddable":true,"href":"https:\/\/dodoqezeti.az\/az\/wp-json\/wp\/v2\/tags?post=6560"}],"curies":[{"name":"wp","href":"https:\/\/api.w.org\/{rel}","templated":true}]}}