{"id":7128,"date":"2021-11-27T23:44:46","date_gmt":"2021-11-27T19:44:46","guid":{"rendered":"https:\/\/dodoqezeti.az\/?p=7128"},"modified":"2021-11-27T23:49:52","modified_gmt":"2021-11-27T19:49:52","slug":"l%c9%99nk%c9%99anda-professor-talisinskinin-xatir%c9%99-lovh%c9%99si","status":"publish","type":"post","link":"https:\/\/dodoqezeti.az\/az\/2021\/11\/27\/l%c9%99nk%c9%99anda-professor-talisinskinin-xatir%c9%99-lovh%c9%99si\/","title":{"rendered":"L\u018fNK\u018fANDA PROFESSOR TALI\u015eINSK\u0130N\u0130N XAT\u0130R\u018f L\u00d6VH\u018fS\u0130"},"content":{"rendered":"<p><strong>L\u0259nk\u0259randa<\/strong>, Tal\u0131\u015finskil\u0259rin do\u011fulub boya-ba\u015fa \u00e7atd\u0131\u011f\u0131 binaya professor Tal\u0131\u015finskinin xatir\u0259 l\u00f6vh\u0259si vurulub.<\/p>\n<p><img decoding=\"async\" class=\"size-medium wp-image-7129 alignleft lazyload\" data-src=\"https:\/\/dodoqezeti.az\/wp-content\/uploads\/2021\/11\/1-300x200.jpg\" alt=\"\" width=\"300\" height=\"200\" src=\"data:image\/svg+xml;base64,PHN2ZyB3aWR0aD0iMSIgaGVpZ2h0PSIxIiB4bWxucz0iaHR0cDovL3d3dy53My5vcmcvMjAwMC9zdmciPjwvc3ZnPg==\" style=\"--smush-placeholder-width: 300px; --smush-placeholder-aspect-ratio: 300\/200;\" \/>L\u00f6vh\u0259d\u0259 yaz\u0131l\u0131b: G\u00f6rk\u0259mli alim-otorinolarinqoloq, h\u0259kim-klinisist, c\u0259rrah v\u0259 pedaqoq, B\u00f6y\u00fck V\u0259t\u0259n m\u00fcharib\u0259si veteran\u0131, professor Tal\u0131\u015finski Abas Mehdi o\u011flu Tal\u0131\u015finsiy 1924-c\u00fc ild\u0259\u00a0 bu \u00fcnvanda do\u011fulmu\u015f v\u0259 1955-ci ild\u0259n \u00f6mr\u00fcn\u00fcn sonuna-2005-ci il\u0259d\u0259k Rusiyada ya\u015fay\u0131b-faliyy\u0259t\u00a0 g\u00f6st\u0259rmi\u015fdir. Ryazan vilay\u0259tind\u0259 ilk d\u0259f\u0259 olarar LOR profilli klinika yarad\u0131b ona r\u0259hb\u0259rlik etmi\u015fdir. G\u0259rgin i\u015f rejimin\u0259 baxmayaraq, vaxta\u015f\u0131tr\u0131 ata yurduna ziyar\u0259t etmi\u015fdir.<\/p>\n<p>A\u00e7\u0131l\u0131\u015f noyabr\u0131n 26-da ba\u015f tutub. T\u0259dbird\u0259 L\u0259nk\u0259ran\u00a0 \u015f\u0259h\u0259r \u0130cra Haimiyy\u0259tinin\u00a0 ba\u015f\u00e7\u0131s\u0131 Taleh Qara\u015fov v\u0259 rayonun h\u00fcquq m\u00fchafz\u0259 orqanlarn\u0131n r\u0259hb\u0259rl\u0259ri i\u015ftirak edibl\u0259r. T\u0259dbiri 5 sayl\u0131 m\u0259kt\u0259bin director m\u00fcavini F\u0259tullayev C\u0259f\u0259r\u00a0 m\u00fc\u0259llim a\u00e7m\u0131\u015f Abas Mehdi o\u011flu Tal\u0131\u015f\u0131nskinin h\u0259yat yolundan qonaqlara geni\u015f m\u0259lumat vermi\u015fdir.<\/p>\n<p>T\u0259dbird\u0259 Taleh Qara\u015fov \u00e7\u0131x\u0131\u015f ed\u0259r\u0259k demi\u015fdir:<img decoding=\"async\" class=\"size-medium wp-image-7130 alignright lazyload\" data-src=\"https:\/\/dodoqezeti.az\/wp-content\/uploads\/2021\/11\/2-300x200.jpg\" alt=\"\" width=\"300\" height=\"200\" src=\"data:image\/svg+xml;base64,PHN2ZyB3aWR0aD0iMSIgaGVpZ2h0PSIxIiB4bWxucz0iaHR0cDovL3d3dy53My5vcmcvMjAwMC9zdmciPjwvc3ZnPg==\" style=\"--smush-placeholder-width: 300px; --smush-placeholder-aspect-ratio: 300\/200;\" \/><\/p>\n<p>-D\u00fcnya \u015f\u00f6hr\u0259tli alim, g\u00f6rk\u0259mli professor L\u0259nk\u0259randa d\u00fcnyaya g\u00f6z a\u00e7\u0131b. Bu \u0259sar\u0259ngiz torpaq m\u00fcxt\u0259lif sah\u0259l\u0259r \u00fczr\u0259 bir \u00e7ox alim professor, t\u0259dqiqat\u00e7\u0131 v\u0259 dahi \u015f\u0259xsiyy\u0259tl\u0259r yeti\u015fdirib. Bu g\u00fcn f\u0259r\u0259hl\u0259 qeyd etm\u0259k ist\u0259rdim ki, d\u00fcnya s\u0259viyy\u0259sind\u0259 tan\u0131nan aliml\u0259rd\u0259n biri d\u0259 bu torpa\u011f\u0131n yeti\u015fdirm\u0259si olan Tal\u0131\u015finski Abas Mehdi o\u011fludur.\u00a0 \u00a0Bu dahi \u015f\u0259xsiyy\u0259tl\u0259r Az\u0259rbaycan\u0131 \u00f6z u\u011furlar\u0131 il\u0259 d\u00fcnya s\u0259viyy\u0259sind\u0259\u0259 tan\u0131d\u0131blar. Tal\u0131\u015finski Abas Mehdi o\u011flu il\u0259 bu g\u00fcn biz f\u0259xr edirik. Onun \u0259m\u0259ll\u0259ri tarix\u0259 d\u00f6n\u00fcb. B\u0259li z\u0259hm\u0259t he\u00e7 vaxt yerd\u0259 qalm\u0131r. \u00d6lm\u00fcnd\u0259n 15 il sonar bu professorun ke\u00e7diyi h\u0259yat yoluna veril\u0259n \u0259n b\u00f6y\u00fck d\u0259y\u0259rdir.<\/p>\n<p>\u0130cra ba\u015f\u00e7\u0131s\u0131 Taleh Qara\u015fov layih\u0259nin t\u0259\u015f\u0259bb\u00fcskar\u0131 \u018fziza\u011fa Tal\u0131\u015finskiy\u0259 rayonun ziyallar\u0131, \u00fcmum\u0259n ictimayy\u0259ti \u00a0ad\u0131ndan \u00f6z\u00a0 t\u0259\u015f\u0259kk\u00fcr\u00fcn\u00fc bildirib.<\/p>\n<p>Abas Mehdi o\u011flu Tal\u0131\u015f\u0131nskinin qarda\u015f\u0131 \u018fziza\u011fa Tal\u0131\u015f\u0131inski \u0130cra ba\u015f\u00e7\u0131s\u0131 Taleh Qara\u015fov v\u0259 rayon i\u00e7timayy\u0259tin\u0259 \u00f6z s\u0259mimi minn\u0259tdarl\u0131\u011f\u0131n\u0131 bildirmi\u015fdir.<\/p>\n<p>O qarda\u015f\u0131 Tal\u0131\u015finski Abas Mehdi o\u011flunun r\u0259\u015fad\u0259tli h\u0259yat yolundan dan\u0131\u015fd\u0131.<\/p>\n<ul>\n<li><img decoding=\"async\" class=\"size-medium wp-image-7131 alignleft lazyload\" data-src=\"https:\/\/dodoqezeti.az\/wp-content\/uploads\/2021\/11\/3-300x200.jpg\" alt=\"\" width=\"300\" height=\"200\" src=\"data:image\/svg+xml;base64,PHN2ZyB3aWR0aD0iMSIgaGVpZ2h0PSIxIiB4bWxucz0iaHR0cDovL3d3dy53My5vcmcvMjAwMC9zdmciPjwvc3ZnPg==\" style=\"--smush-placeholder-width: 300px; --smush-placeholder-aspect-ratio: 300\/200;\" \/>Qarda\u015f\u0131m orta m\u0259kt\u0259bi L\u0259nk\u0259randa 4 sayl\u0131 m\u0259kt\u0259bd\u0259 bitirib. 1944-c\u00fc il Az\u0259rbaycan tibb \u0130nstitutunu bitirdikd\u0259n d\u0259rhal sonra c\u0259bh\u0259y\u0259 g\u00f6nd\u0259rilib. Sovet Ordusu s\u0131ralar\u0131nda olark\u0259n Pol\u015fan\u0131n v\u0259 Belarusyan\u0131n azad olunms\u0131, Berlinin alnmas\u0131 \u0259m\u0259liyyatlar\u0131nda i\u015ftirak edib 1945-ci ild\u0259 qalib qo\u015funlar\u0131n parad\u0131nda i\u015ftirak edib. B\u00f6y\u00fck V\u0259t\u0259n m\u00fcharib\u0259si veteran\u0131d\u0131r. 1950-1955 Moskvada olub ordinaturan\u0131 v\u0259 aspiranturan\u0131 bitrb. 1955-2204 Tibb Unvrstitind\u0259 i\u015fl\u0259yib. SSR\u0130 d\u0259 ilk d\u0259f\u0259 olaraq Ryazan vilay\u0259tind\u0259 LOR profilli klinika yarad\u0131b ona r\u0259hb\u0259rlik etmi\u015fdir.<\/li>\n<\/ul>\n<p>\u018fziza\u011fa Tal\u0131\u015finski eyni zamanda V\u0259t\u0259n m\u00fcharib\u0259sind\u0259 M\u00fcz\u0259ff\u0259r Ali Ba\u015f Komandan\u0131n v\u0259 m\u00fcz\u0259ff\u0259r ordumuzun q\u0259l\u0259b\u0259sini vur\u011fulam\u0131\u015f v\u0259 dahi \u015fairimiz \u00a0S\u0259m\u0259d Vu\u011funun g\u0259ncl\u0259r\u0259 m\u0259ktub m\u0259qal\u0259sind\u0259n bir b\u0259nd \u015feirin\u0259 yazd\u0131\u011f\u0131 n\u0259zir\u0259ni oxuyub:<\/p>\n<p>D\u00fcnya liderleri d\u00f6y\u00fc\u015f\u0259 g\u0259lsin,<\/p>\n<p>H\u0259r \u0259sg\u0259r c\u0259bh\u0259d\u0259 q\u0259hr\u0259man olsun.<\/p>\n<p>Liderl\u0259r ordusu s\u0259f-s\u0259f d\u00fcz\u00fcls\u00fcn,<\/p>\n<p>C\u0259nab \u0130lham \u018fliyev v\u0259 \u018frdo\u011fan komandan olsun.<\/p>\n<p>Ya\u015fas\u0131n Az\u0259rbaycan xalq\u0131.<\/p>\n<p>T\u0259dird\u0259 Abas Tal\u0131\u015finskinin qarda\u015f\u0131 o\u011flu \u201cUzman doktor\u201d Ayd\u0131n Tal\u0131\u015finski \u0259misi haqq\u0131nda \u00e7ox qururla dan\u0131\u015faraq onun bu zirv\u0259y\u0259 y\u00fcks\u0259lm\u0259sind\u0259 h\u0259m \u0259misinin, h\u0259m d\u0259 atas\u0131n\u0131n ke\u00e7diyi bu z\u0259f\u0259rli, u\u011furlu h\u0259yat yolu oldu\u011funu vur\u011fulay\u0131b. T\u0259dbir\u0259 g\u0259l\u0259n v\u0259 bu i\u015fd\u0259 \u0259m\u0259yi olan b\u00fct\u00fcn qonaqlara \u00f6z minntdarl\u0131\u011f\u0131n\u0131 bildirib.<\/p>\n<p>https:\/\/rzn.mk.ru\/social\/2020\/09\/17\/v-ryazani-otkryli-memorialnuyu-dosku-professoru-talyshinskomu.html?fbclid=IwAR0A3zvhkT8tYa-EKNhqBuj5hrEfpATxw24bB3wYRcE6nh0Ku3Iy12WQ_Xo<\/p>\n<p><strong>\u0130rada M\u0259likova<\/strong><\/p>\n","protected":false},"excerpt":{"rendered":"<p>L\u0259nk\u0259randa, Tal\u0131\u015finskil\u0259rin do\u011fulub boya-ba\u015fa \u00e7atd\u0131\u011f\u0131 binaya professor Tal\u0131\u015finskinin xatir\u0259 l\u00f6vh\u0259si vurulub. L\u00f6vh\u0259d\u0259 yaz\u0131l\u0131b: G\u00f6rk\u0259mli alim-otorinolarinqoloq, h\u0259kim-klinisist, c\u0259rrah v\u0259 pedaqoq, B\u00f6y\u00fck V\u0259t\u0259n m\u00fcharib\u0259si veteran\u0131, professor Tal\u0131\u015finski Abas Mehdi o\u011flu Tal\u0131\u015finsiy 1924-c\u00fc ild\u0259\u00a0 bu \u00fcnvanda do\u011fulmu\u015f v\u0259 1955-ci ild\u0259n \u00f6mr\u00fcn\u00fcn sonuna-2005-ci il\u0259d\u0259k Rusiyada ya\u015fay\u0131b-faliyy\u0259t\u00a0 g\u00f6st\u0259rmi\u015fdir. Ryazan vilay\u0259tind\u0259 ilk d\u0259f\u0259 olarar LOR profilli klinika yarad\u0131b ona r\u0259hb\u0259rlik etmi\u015fdir. [&hellip;]<\/p>\n","protected":false},"author":2,"featured_media":0,"comment_status":"closed","ping_status":"closed","sticky":false,"template":"","format":"standard","meta":{"footnotes":""},"categories":[70,53,26,34],"tags":[],"class_list":["post-7128","post","type-post","status-publish","format-standard","hentry","category-elm-v-thsil","category-tarix","category-xbrlr","category-ziyalilarimiz"],"translation":{"provider":"WPGlobus","version":"3.0.2","language":"az","enabled_languages":["tl","az"],"languages":{"tl":{"title":true,"content":true,"excerpt":false},"az":{"title":false,"content":false,"excerpt":false}}},"_links":{"self":[{"href":"https:\/\/dodoqezeti.az\/az\/wp-json\/wp\/v2\/posts\/7128","targetHints":{"allow":["GET"]}}],"collection":[{"href":"https:\/\/dodoqezeti.az\/az\/wp-json\/wp\/v2\/posts"}],"about":[{"href":"https:\/\/dodoqezeti.az\/az\/wp-json\/wp\/v2\/types\/post"}],"author":[{"embeddable":true,"href":"https:\/\/dodoqezeti.az\/az\/wp-json\/wp\/v2\/users\/2"}],"replies":[{"embeddable":true,"href":"https:\/\/dodoqezeti.az\/az\/wp-json\/wp\/v2\/comments?post=7128"}],"version-history":[{"count":3,"href":"https:\/\/dodoqezeti.az\/az\/wp-json\/wp\/v2\/posts\/7128\/revisions"}],"predecessor-version":[{"id":7134,"href":"https:\/\/dodoqezeti.az\/az\/wp-json\/wp\/v2\/posts\/7128\/revisions\/7134"}],"wp:attachment":[{"href":"https:\/\/dodoqezeti.az\/az\/wp-json\/wp\/v2\/media?parent=7128"}],"wp:term":[{"taxonomy":"category","embeddable":true,"href":"https:\/\/dodoqezeti.az\/az\/wp-json\/wp\/v2\/categories?post=7128"},{"taxonomy":"post_tag","embeddable":true,"href":"https:\/\/dodoqezeti.az\/az\/wp-json\/wp\/v2\/tags?post=7128"}],"curies":[{"name":"wp","href":"https:\/\/api.w.org\/{rel}","templated":true}]}}