{"id":7211,"date":"2021-12-13T10:07:12","date_gmt":"2021-12-13T06:07:12","guid":{"rendered":"https:\/\/dodoqezeti.az\/?p=7211"},"modified":"2021-12-13T10:18:00","modified_gmt":"2021-12-13T06:18:00","slug":"unudumus-tariximiz","status":"publish","type":"post","link":"https:\/\/dodoqezeti.az\/az\/2021\/12\/13\/unudumus-tariximiz\/","title":{"rendered":"UNUDULMU\u015e TAR\u0130X\u0130M\u0130Z"},"content":{"rendered":"<p><img decoding=\"async\" class=\"size-medium wp-image-6914 alignleft lazyload\" data-src=\"https:\/\/dodoqezeti.az\/wp-content\/uploads\/2021\/11\/Ilqar-Noda-225x300.jpg\" alt=\"\" width=\"225\" height=\"300\" src=\"data:image\/svg+xml;base64,PHN2ZyB3aWR0aD0iMSIgaGVpZ2h0PSIxIiB4bWxucz0iaHR0cDovL3d3dy53My5vcmcvMjAwMC9zdmciPjwvc3ZnPg==\" style=\"--smush-placeholder-width: 225px; --smush-placeholder-aspect-ratio: 225\/300;\" \/><\/p>\n<p><strong>(\u018fv\u0259lli \u00f6t\u0259n say\u0131m\u0131zda)<\/strong><\/p>\n<p>Q\u0259dim andiya<\/p>\n<p>Son zamanlar tal\u0131\u015f audiyoriyal\u0131 internet tv-l\u0259r tal\u0131\u015flar\u0131n q\u0259dim tarixini geni\u015f i\u015f\u0131qland\u0131r\u0131rlar. Professor B. Q\u0259mb\u0259rov bu sah\u0259d\u0259 liderdir. Onun tez-tez Andiya haqq\u0131nda s\u00f6z a\u00e7mas\u0131, Andiyan\u0131n \u0259n q\u0259dim Tal\u0131\u015f d\u00f6vl\u0259ti olmas\u0131, Andiyan\u0131n tal\u0131\u015f dilind\u0259 andue (suvamaq) s\u00f6z\u00fcnd\u0259n yarand\u0131g\u0131n\u0131 deyir. Amma m\u0259n 30 il\u0259 yax\u0131nd\u0131r ki, Andiya haqq\u0131nda x\u00fcsusi fikirl\u0259r\u0259 malik olsam da he\u00e7 vaxt m\u00f6vqeyimi a\u00e7\u0131qlamam\u0131\u015fam. Ancaq 21 il bundan \u0259vv\u0259l Andiya haqq\u0131nda N\u0259riman m\u00fc\u0259llim A\u011fazad\u0259 il\u0259 fikirl\u0259rimi b\u00f6lu\u015fm\u00fc\u015f\u0259m.<\/p>\n<p>Andiya m\u00fcasir \u0130ran \u0259razisinin Z\u0259ncan \u0259razisi il\u0259 lokaliz\u0259 olunur. Andiya Z\u0259ncanla eyni m\u0259nal\u0131 s\u00f6zd\u00fcr. Andiya s\u00f6zund\u0259ki Avropa m\u0259n\u015f\u0259li YA komponenti fars dilind\u0259ki stan s\u00f6z\u00fc il\u0259 eyni m\u0259nal\u0131 olub \u00f6lk\u0259 dem\u0259kdir. \u018fy\u0259r burada -ya komponentind\u0259n imtina el\u0259s\u0259k Andi s\u00f6z\u00fc meydana \u00e7\u0131xacaq. \u018fslind\u0259 bu \u00f6lk\u0259nin ad\u0131 tal\u0131\u015flar\u0131n \u0259cdadlar\u0131 t\u0259r\u0259find\u0259n HIND\u0130 adland\u0131r\u0131l\u0131rd\u0131. Avropal\u0131lar tarixd\u0259 iki \u0130ND\u0130ya d\u00fc\u015fm\u0259sin dey\u0259 bu \u00f6lk\u0259ni Andiya adland\u0131rm\u0131\u015flar. Burada ya\u015fayan \u0259hali Hindistandan ko\u00e7urulmu\u015f qara d\u0259rilil\u0259r oldugundan irandilliler onlar\u0131 H\u0131ndi, y\u0259ni qaralar adland\u0131rm\u0131\u015flar. Sonralar Andiya s\u00f6z\u00fcn\u00fc \u0259v\u0259zl\u0259y\u0259n Z\u0259ncan s\u00f6z\u00fc d\u0259 Z\u0259ncil\u0259r m\u0259nas\u0131n\u0131 verir. Z\u0259nci d\u0259 qara dem\u0259kdir.<\/p>\n<p>\u0130sg\u0259nd\u0259r lll Daran\u0131 t\u0259qib ed\u0259rk\u0259n \u015eah\u0131 \u00f6ld\u00fcrub qa\u00e7anlardan birinin, Barseant\u0131n Hindistana qa\u00e7d\u0131\u011f\u0131n\u0131 \u00f6yr\u0259nir. \u018fslind\u0259 Barseant \u018fh\u0259m\u0259nil\u0259rin tabeliyind\u0259 olan Andiyaya, y\u0259ni hindlil\u0259rin yan\u0131na qa\u00e7\u0131r. Onlar da \u00f6zl\u0259rini qorumaq \u00fc\u00e7un Barseant\u0131 h\u0259ps edib \u0130sg\u0259nd\u0259r\u0259 t\u0259hlil verirl\u0259r. Bu hindlil\u0259r Hindistan s\u0259f\u0259ri zaman\u0131 \u0130sg\u0259nd\u0259r\u0259 b\u0259l\u0259d\u00e7ilik edirdil\u0259r.<\/p>\n<p>Bir s\u00f6zl\u0259 Andiyan\u0131n ne tal\u0131\u015f xalq\u0131 il\u0259, na d\u0259 andue (suvamaq) il\u0259 he\u00e7 bir \u0259laq\u0259si olmam\u0131\u015fd\u0131r.<\/p>\n<p><strong>\u00a0 \u00a0(ard\u0131 var)<\/strong><\/p>\n<p><strong>\u00a0 \u00a0\u0130lqar S\u0259f\u0259rov<\/strong><\/p>\n<p><strong>\u00a0 Lerik, Noda<\/strong><\/p>\n<p><strong>\u00a0<\/strong><\/p>\n","protected":false},"excerpt":{"rendered":"<p>(\u018fv\u0259lli \u00f6t\u0259n say\u0131m\u0131zda) Q\u0259dim andiya Son zamanlar tal\u0131\u015f audiyoriyal\u0131 internet tv-l\u0259r tal\u0131\u015flar\u0131n q\u0259dim tarixini geni\u015f i\u015f\u0131qland\u0131r\u0131rlar. Professor B. Q\u0259mb\u0259rov bu sah\u0259d\u0259 liderdir. Onun tez-tez Andiya haqq\u0131nda s\u00f6z a\u00e7mas\u0131, Andiyan\u0131n \u0259n q\u0259dim Tal\u0131\u015f d\u00f6vl\u0259ti olmas\u0131, Andiyan\u0131n tal\u0131\u015f dilind\u0259 andue (suvamaq) s\u00f6z\u00fcnd\u0259n yarand\u0131g\u0131n\u0131 deyir. Amma m\u0259n 30 il\u0259 yax\u0131nd\u0131r ki, Andiya haqq\u0131nda x\u00fcsusi fikirl\u0259r\u0259 malik olsam da [&hellip;]<\/p>\n","protected":false},"author":2,"featured_media":0,"comment_status":"closed","ping_status":"closed","sticky":false,"template":"","format":"standard","meta":{"footnotes":""},"categories":[53,26,34],"tags":[],"class_list":["post-7211","post","type-post","status-publish","format-standard","hentry","category-tarix","category-xbrlr","category-ziyalilarimiz"],"translation":{"provider":"WPGlobus","version":"3.0.2","language":"az","enabled_languages":["tl","az"],"languages":{"tl":{"title":true,"content":true,"excerpt":false},"az":{"title":false,"content":false,"excerpt":false}}},"_links":{"self":[{"href":"https:\/\/dodoqezeti.az\/az\/wp-json\/wp\/v2\/posts\/7211","targetHints":{"allow":["GET"]}}],"collection":[{"href":"https:\/\/dodoqezeti.az\/az\/wp-json\/wp\/v2\/posts"}],"about":[{"href":"https:\/\/dodoqezeti.az\/az\/wp-json\/wp\/v2\/types\/post"}],"author":[{"embeddable":true,"href":"https:\/\/dodoqezeti.az\/az\/wp-json\/wp\/v2\/users\/2"}],"replies":[{"embeddable":true,"href":"https:\/\/dodoqezeti.az\/az\/wp-json\/wp\/v2\/comments?post=7211"}],"version-history":[{"count":4,"href":"https:\/\/dodoqezeti.az\/az\/wp-json\/wp\/v2\/posts\/7211\/revisions"}],"predecessor-version":[{"id":7213,"href":"https:\/\/dodoqezeti.az\/az\/wp-json\/wp\/v2\/posts\/7211\/revisions\/7213"}],"wp:attachment":[{"href":"https:\/\/dodoqezeti.az\/az\/wp-json\/wp\/v2\/media?parent=7211"}],"wp:term":[{"taxonomy":"category","embeddable":true,"href":"https:\/\/dodoqezeti.az\/az\/wp-json\/wp\/v2\/categories?post=7211"},{"taxonomy":"post_tag","embeddable":true,"href":"https:\/\/dodoqezeti.az\/az\/wp-json\/wp\/v2\/tags?post=7211"}],"curies":[{"name":"wp","href":"https:\/\/api.w.org\/{rel}","templated":true}]}}