{"id":7784,"date":"2022-01-30T21:05:08","date_gmt":"2022-01-30T17:05:08","guid":{"rendered":"https:\/\/dodoqezeti.az\/?p=7784"},"modified":"2022-01-30T21:07:30","modified_gmt":"2022-01-30T17:07:30","slug":"sair-ve-yazar-gazeteci-arastirmaci-bestekar-stk-yoneticisi-sabit-ince","status":"publish","type":"post","link":"https:\/\/dodoqezeti.az\/az\/2022\/01\/30\/sair-ve-yazar-gazeteci-arastirmaci-bestekar-stk-yoneticisi-sabit-ince\/","title":{"rendered":"\u015eair ve yazar, gazeteci, ara\u015ft\u0131rmac\u0131, bestek\u00e2r, STK y\u00f6neticisi: Sabit \u0130nce"},"content":{"rendered":"<p style=\"font-weight: 400;\"><span style=\"font-weight: 400 !important;\"><img decoding=\"async\" class=\"size-full wp-image-7785 alignleft lazyload\" data-src=\"https:\/\/dodoqezeti.az\/wp-content\/uploads\/2022\/01\/sabit.jpg\" alt=\"\" width=\"300\" height=\"300\" data-srcset=\"https:\/\/dodoqezeti.az\/wp-content\/uploads\/2022\/01\/sabit.jpg 300w, https:\/\/dodoqezeti.az\/wp-content\/uploads\/2022\/01\/sabit-150x150.jpg 150w\" data-sizes=\"(max-width: 300px) 100vw, 300px\" src=\"data:image\/svg+xml;base64,PHN2ZyB3aWR0aD0iMSIgaGVpZ2h0PSIxIiB4bWxucz0iaHR0cDovL3d3dy53My5vcmcvMjAwMC9zdmciPjwvc3ZnPg==\" style=\"--smush-placeholder-width: 300px; --smush-placeholder-aspect-ratio: 300\/300;\" \/>\u015eair ve yazar, gazeteci, ara\u015ft\u0131rmac\u0131, bestek\u00e2r, STK y\u00f6neticisi;<\/span><span style=\"font-weight: 400 !important;\">\u00a0\u00a0<\/span><span style=\"font-weight: 400 !important;\">ANASAN (Anadolu \u015eair, Yazar, Ozan, Bilim Adamlar\u0131 Birli\u011fi) Genel Ba\u015fkan\u0131.<\/span><span style=\"font-weight: 400 !important;\">\u00a0<\/span><span style=\"font-weight: 400 !important;\">Eserlerinde\u00a0<\/span><span style=\"font-weight: 400 !important;\">T\u00fcrkmeno\u011flu \u0130nce, \u00c2\u015f\u0131k \u0130nce mahlaslar\u0131n\u0131 da kulland\u0131. <\/span><\/p>\n<p style=\"font-weight: 400;\"><span style=\"font-weight: 400 !important;\">27 A\u011fustos 1954 tarihinde\u00a0 Nev\u015fehir-Kozakl\u0131\u2019n\u0131n Gerce k\u00f6y\u00fcnde, 7 karde\u015fin 4.s\u00fc olarak d\u00fcnyaya geldi. Anas\u0131 Nazende han\u0131m, o\u2019nun \u00e7ay\u0131rlar bi\u00e7ilirken yani Haziran ay\u0131nda d\u00fcnyaya geldi\u011fini s\u00f6yler ama n\u00fcfus kay\u0131tlar\u0131nda A\u011fustos ay\u0131nda do\u011fdu\u011fu yaz\u0131lmaktad\u0131r.<\/span><\/p>\n<p style=\"font-weight: 400;\"><span style=\"font-weight: 400 !important;\">\u0130lkokul y\u0131llar\u0131nda \u00f6\u011fretmeni H\u00fcseyin Bey\u2019in \u00e7ald\u0131\u011f\u0131 saz e\u015fli\u011finde T\u00fcrk\u00fcler s\u00f6yleyerek T\u00fcrk\u00fclere ve Anadolu\u2019ya sevdaland\u0131. \u0130lkokul e\u011fitimini do\u011fdu\u011fu k\u00f6yde, ortaokulu Kozakl\u0131\u2019da ve lise e\u011fitimini Kayseri Ticaret Lisesi\u2019nde tamamlad\u0131.<\/span><\/p>\n<p style=\"font-weight: 400;\"><span style=\"font-weight: 400 !important;\">1971 y\u0131l\u0131nda y\u00fcksek \u00f6\u011frenimi i\u00e7in \u0130stanbul\u2019a gitti. Burada hem gece \u00f6\u011frenimini tamamlad\u0131 hem de Ulusal gazetelerde yazarl\u0131k, istihbarat \u015fefli\u011fi ve muhabirlik yaparak \u00f6\u011frenimini tamamlad\u0131. 1976 y\u0131l\u0131nda \u0130stanbul \u0130ktisadi ve Ticari \u0130limler Akademisi\u2019nden mezun oldu.<\/span><\/p>\n<p style=\"font-weight: 400;\"><span style=\"font-weight: 400 !important;\">\u0130stanbul ve Kayseri\u2019de \u00f6zel sekt\u00f6r kurulu\u015flar\u0131nda muhtelif g\u00f6revlerde bulundu. \u0130ki defa Devlet hizmetinde s\u00f6zle\u015fmeli Uzman olarak g\u00f6rev yapt\u0131 ama bir t\u00fcrl\u00fc bar\u0131\u015famad\u0131\u011f\u0131 memurluk ile ancak 8 y\u0131l beraber olabildi, emeklili\u011fini \u00d6zel sekt\u00f6rde tamamlad\u0131.<\/span><\/p>\n<p style=\"font-weight: 400;\"><span style=\"font-weight: 400 !important;\">Bizim Anadolu, Terc\u00fcman, Herg\u00fcn ve T\u00fcrkiye gazetelerinde Yazar, Muhabir ve istihbarat \u015fefli\u011fi yapt\u0131. T\u00f6re ve Devlet dergilerinde yaz\u0131lar yazd\u0131.<\/span><\/p>\n<p style=\"font-weight: 400;\"><span style=\"font-weight: 400 !important;\">Gazetecilik y\u0131llar\u0131nda \u00fcnl\u00fc politikac\u0131lar ve i\u015f adamlar\u0131, devlet adamlar\u0131 ile tan\u0131\u015ft\u0131, \u00e7o\u011fu ile r\u00f6portajlar yapt\u0131, haklar\u0131nda yaz\u0131lar ve yorumlar kaleme ald\u0131.<\/span><\/p>\n<p style=\"font-weight: 400;\"><span style=\"font-weight: 400 !important;\">Kayseri de yay\u0131nlanan \u201cKayseri \u015eairler Antolojisi\u201d ve Adana\u2019da yay\u0131nlanan \u201cOzanlar G\u00fcldeste \u015eairler Antolojisi\u201dne kat\u0131ld\u0131. Say\u0131s\u0131z dergi ve gazetelerde \u015fiirleri ve yaz\u0131lar\u0131 yay\u0131nland\u0131.<\/span><\/p>\n<p style=\"font-weight: 400;\"><span style=\"font-weight: 400 !important;\">Genel merkezi Kayseri\u2019de bulunan ANASAM \u2013 Anadolu \u0130lim ve Edebiyat Eseri Sahipleri Meslek Birli\u011fi\u2019ni kurdu ve genel ba\u015fkanl\u0131\u011f\u0131n\u0131 y\u00fcr\u00fctt\u00fc. Eski ad\u0131 Kayseri Halk \u015eairleri K\u00fclt\u00fcr Derne\u011fi olan Anadolu \u015fairler, Yazarlar, Ozanlar Birli\u011finin Onursal Ba\u015fkanl\u0131\u011f\u0131\u2019na 2006 y\u0131l\u0131 genel kurulunda se\u00e7ildi. Ayn\u0131 zamanda sahibi de oldu\u011fu Anasam b\u00fclteni ve Anadolu Sevdas\u0131 adl\u0131 ayl\u0131k edebiyat k\u00fclt\u00fcr sanat dergilerinin yay\u0131n y\u00f6netmenli\u011fini, Anasam Yay\u0131nlar\u0131\u2019n\u0131n sahipli\u011fini ve \u0130zmir de g\u00fcnl\u00fck ofset Son Dakika gazetesinde k\u00f6\u015fe yazarl\u0131\u011f\u0131 yapmaktad\u0131r. Ad\u0131na 2003 y\u0131l\u0131ndan bu yana Sabit \u0130nce Edebiyat \u00d6d\u00fcl\u00fc verilmektedir.<\/span><\/p>\n<p style=\"font-weight: 400;\"><span style=\"font-weight: 400 !important;\">Yap\u0131tlar\u0131nda, sevgi, a\u015fk, tasavvuf, toplum, din, adalet gibi temalar\u0131 i\u015flemi\u015ftir. \u00d6zellikle Anadolu mefhumu \u00fczerinde yo\u011fun olarak durmakta, b\u00fct\u00fcn \u00e7\u0131kard\u0131\u011f\u0131 dergi ve gazetelerde, kurdu\u011fu ve ba\u015fkanl\u0131k yapt\u0131\u011f\u0131 kurulu\u015f ve derneklerde hep Anadolu ad\u0131n\u0131 kullanan bir Anadolu sevdal\u0131s\u0131d\u0131r.<\/span><\/p>\n<p style=\"font-weight: 400;\"><span style=\"font-weight: 400 !important;\">\u00c7\u00fcnk\u00fc Sabit \u0130nce\u2019ye g\u00f6re, Anadolu hep geri kalm\u0131\u015f, mahrum b\u0131rak\u0131lm\u0131\u015f ve makus talihini bir t\u00fcrl\u00fc yenememi\u015ftir. Onun i\u00e7in Anadolu yine kendi \u00e7ocuklar\u0131 taraf\u0131ndan kabu\u011funu k\u0131r\u0131p, lay\u0131k oldu\u011fu yere onlar\u0131n gayretleri ile oturacakt\u0131r.<\/span><\/p>\n<p style=\"font-weight: 400;\"><span style=\"font-weight: 400 !important;\">Sabit \u0130nce, hep bu inan\u00e7 ve fikirle ya\u015fam\u0131\u015f, b\u00fct\u00fcn hareket ve eylemlerinde Anadolu mefhumunu \u00f6ne alm\u0131\u015ft\u0131r. Zaten yay\u0131nlad\u0131\u011f\u0131 dergi ve kitaplar\u0131n isimlerine bak\u0131ld\u0131\u011f\u0131nda da bu a\u00e7\u0131k\u00e7a g\u00f6r\u00fclmektedir. Anadolu hececileri, \u00a0Anadolu \u015fiir antolojileri gibi b\u00fct\u00fcn her yerde Anadolu ad\u0131 mutlaka ge\u00e7mektedir.<\/span><\/p>\n<p style=\"font-weight: 400;\"><span style=\"font-weight: 400 !important;\">\u00a0<\/span><\/p>\n<p style=\"font-weight: 400;\"><span style=\"font-weight: 400 !important;\"><strong>\u00d6d\u00fclleri:<\/strong><\/span><\/p>\n<p style=\"font-weight: 400;\"><span style=\"font-weight: 400 !important;\">\u00a0<\/span><\/p>\n<p style=\"font-weight: 400;\"><span style=\"font-weight: 400 !important;\">1999 Bizim Ku\u015fak Dergisi Makale \u00d6d\u00fcl\u00fc (\u00dc\u00e7\u00fcnc\u00fcl\u00fck)<\/span><\/p>\n<p style=\"font-weight: 400;\"><span style=\"font-weight: 400 !important;\">1999 Bizim Ku\u015fak Dergisi \u015eiir \u00d6d\u00fclleri (Mansiyon)<\/span><\/p>\n<p style=\"font-weight: 400;\"><span style=\"font-weight: 400 !important;\">1999 Ozan Dergisi \u015eiir \u00d6d\u00fclleri (Mansiyon)<\/span><\/p>\n<p style=\"font-weight: 400;\"><span style=\"font-weight: 400 !important;\">2006 Bursa B\u00fcy\u00fck\u015fehir T\u00fcrk \u015eiiri Hizmet \u00d6d\u00fclleri (Hizmet \u00f6d\u00fcl\u00fc)<\/span><\/p>\n<p style=\"font-weight: 400;\"><span style=\"font-weight: 400 !important;\">2006 Kayseri Sa\u011fl\u0131k E\u011fitim Enstit\u00fcs\u00fc M\u00fcd\u00fcrl\u00fc\u011f\u00fc T\u00fcrkl\u00fck Bilimine Hizmet \u00f6d\u00fcl\u00fc<\/span><\/p>\n<p style=\"font-weight: 400;\"><span style=\"font-weight: 400 !important;\">2006 Antalya G\u00fcll\u00fck Dergisi Y\u0131l\u0131n yay\u0131nc\u0131s\u0131 (\u0130kincilik \u00f6d\u00fcl\u00fc)<\/span><\/p>\n<p style=\"font-weight: 400;\"><span style=\"font-weight: 400 !important;\">2007 Ankara Anayurt Gazetesi \u2013 G\u00fcnd\u00fcz Yay\u0131nevi 3. Edebiyat \u00d6d\u00fclleri (Y\u0131l\u0131n Yazar\u0131 \u00d6d\u00fcl\u00fc)<\/span><\/p>\n<p style=\"font-weight: 400;\"><span style=\"font-weight: 400 !important;\">\u00a0<\/span><\/p>\n<p style=\"font-weight: 400;\"><span style=\"font-weight: 400 !important;\"><strong>Sabit \u0130nce \u0130\u00e7in Ne Dediler?<\/strong><\/span><\/p>\n<p style=\"font-weight: 400;\"><span style=\"font-weight: 400 !important;\">\u00a0<\/span><\/p>\n<p style=\"font-weight: 400;\"><span style=\"font-weight: 400 !important;\"><em>\u201cAnlat\u0131mda bir usta, serzeni\u015fte, sitemde ayr\u0131 bir usta Sabit \u0130nce.\u201d<\/em><\/span><span style=\"font-weight: 400 !important;\">\u00a0(<strong>\u0130sa Kayacan<\/strong>)<\/span><\/p>\n<p style=\"font-weight: 400;\"><span style=\"font-weight: 400 !important;\">\u00a0<\/span><\/p>\n<p style=\"font-weight: 400;\"><span style=\"font-weight: 400 !important;\"><strong>***<\/strong><\/span><\/p>\n<p style=\"font-weight: 400;\"><span style=\"font-weight: 400 !important;\">\u00a0<\/span><\/p>\n<p style=\"font-weight: 400;\"><em><span style=\"font-weight: 400 !important;\">\u201cSabit \u0130nce, kolay yazan, bol \u00fcr\u00fcn veren bir \u015fair. O, sanki \u015fiir yazmak i\u00e7in kalemini oynatmaz da, saz\u0131n\u0131 kapt\u0131\u011f\u0131 gibi bir Anadolu \u00e7e\u015fmesinin ba\u015f\u0131na veya bir k\u00f6y odas\u0131n\u0131n minderlerine ba\u011fda\u015f kurup oturan ve an\u0131nda y\u00fcre\u011finin i\u00e7ini diliyle ve saz\u0131n\u0131n teliyle hayk\u0131ran bir ozan-\u015fair\u2026Benim gibi sab\u0131rs\u0131z, ama \u00e7ileye al\u0131\u015fm\u0131\u015f, Anadolu sevdal\u0131s\u0131..\u201d\u00a0<\/span><\/em><span style=\"font-weight: 400 !important;\">(<strong>Mustafa Ceylan<\/strong>)<\/span><\/p>\n<p style=\"font-weight: 400;\"><span style=\"font-weight: 400 !important;\"><strong>ESERLER\u0130:<\/strong><\/span><\/p>\n<p style=\"font-weight: 400;\"><span style=\"font-weight: 400 !important;\"><strong>\u015eiir:<\/strong><\/span><span style=\"font-weight: 400 !important;\"><strong>\u00a0<\/strong><em>Ve Ayn\u0131 R\u00fczg\u00e2rla<\/em>\u00a0<\/span><span style=\"font-weight: 400 !important;\">Savrulduk\u00a0(1995),\u00a0<em>A\u015fk\u0131n Ate\u015fi<\/em>\u00a0(1996),\u00a0<em>S\u0131rl\u0131 S\u00f6z &#8211; Suskun Sat\u0131rlar\u00a0<\/em>(1999).<\/span><\/p>\n<p style=\"font-weight: 400;\"><span style=\"font-weight: 400 !important;\"><strong>Ara\u015ft\u0131rma:<\/strong><\/span><span style=\"font-weight: 400 !important;\">\u00a0Sabit ince Beste ve T\u00fcrk\u00fcleri 2019)<\/span><\/p>\n<p style=\"font-weight: 400;\"><span style=\"font-weight: 400 !important;\"><strong>\u00a0<\/strong><\/span><\/p>\n<p style=\"font-weight: 400;\"><span style=\"font-weight: 400 !important;\"><strong>Antoloji- Derleme-Yay\u0131ma Haz\u0131rlama:<\/strong><\/span><span style=\"font-weight: 400 !important;\">\u00a0<\/span><em><span style=\"font-weight: 400 !important;\">Anadolu Hececileri<\/span><\/em><span style=\"font-weight: 400 !important;\">\u00a0(6 cilt, 1999-),\u00a0<em>Anasam \u015eiir Antolojisi<\/em>\u00a0(2 cilt, 2001),\u00a0<em>Anadolu \u015eiir Antolojisi<\/em>\u00a0(5 cilt, 1994-2005), Bir Zamanlar Kayseri 1, Bir Tebess\u00fcm, Bulmaca \u00c7\u00f6z\u00fcm Rehberi, Ben Kendimi D\u00fc\u015f\u00fcnemem, Kanayan Yaram \u2018Sevgiliye \u015eiirler\u2019, Kapadokya \u015eiir Antolojisi (2010).<\/span><\/p>\n<p style=\"font-weight: 400;\"><span style=\"font-weight: 400 !important;\">\u00a0<\/span><\/p>\n<p style=\"font-weight: 400;\"><span style=\"font-weight: 400 !important;\"><strong>\u0130leti\u015fim Bilgileri:<\/strong><\/span><\/p>\n<p style=\"font-weight: 400;\"><span style=\"font-weight: 400 !important;\">\u00a0<\/span><\/p>\n<p style=\"font-weight: 400;\"><span style=\"font-weight: 400 !important;\">Tel: 00905367971050\u00a0 Facebook: sabit.ince2\u00a0 Twitter:@sabitince\u00a0<\/span><\/p>\n<p style=\"font-weight: 400;\"><span style=\"font-weight: 400 !important;\">\u00a0<\/span><\/p>\n<p style=\"font-weight: 400;\"><span style=\"font-weight: 400 !important;\">\u00a0<\/span><\/p>\n<p style=\"font-weight: 400;\"><span style=\"font-weight: 400 !important;\">KAYNAK\u00c7A: \u0130sa Kayacan \/ \u0130kisi Birarada (Ke\u015fan \u00d6nder, 5.7.2000), Abdullah Sato\u011flu \/ Kayseri Ansiklopedisi (2002),<\/span><span style=\"font-weight: 400 !important;\">\u00a0\u0130hsan I\u015f\u0131k \/ Resimli ve Metin \u00d6rnekli T\u00fcrkiye Edebiyat\u00e7\u0131lar ve K\u00fclt\u00fcr Adamlar\u0131 Ansiklopedisi (2006, 2007), Bilgi teyidi (25.08.2019).<\/span><\/p>\n<p><strong>K\u0131z\u0131lelma yolcular\u0131 <\/strong><\/p>\n<p>T\u00fcrk\u00fcz hedefe ko\u015far\u0131z<\/p>\n<p>K\u0131z\u0131lelma yolcular\u0131<\/p>\n<p>Bazen sel olur ta\u015far\u0131z<\/p>\n<p>K\u0131z\u0131lelma yolcular\u0131.<\/p>\n<p>Uzak de\u011fil yak\u0131nd\u0131r yol<\/p>\n<p>Tek O\u011fuz&#8217;dan gelir o kol<\/p>\n<p>\u00dc\u00e7 ok sa\u011fda bozok da sol<\/p>\n<p>K\u0131z\u0131lelma yolcular\u0131<\/p>\n<p>Bizimdir g\u00fcne\u015f ile ay<\/p>\n<p>G\u00fc\u00e7l\u00fc bilek \u00e7ekeriz yay<\/p>\n<p>\u00d6lmeyiz biz diriyiz<\/p>\n<p>Hay K\u0131z\u0131lelma yolcular\u0131<\/p>\n<p>K\u0131l\u0131c\u0131m\u0131z k\u0131nda durmaz<\/p>\n<p>\u00d6l\u00fcrde vatan\u0131 vermez<\/p>\n<p>Aman diyene de vurmaz<\/p>\n<p>K\u0131z\u0131lelma yolcular\u0131<\/p>\n<p>Yer g\u00f6k hepisi bizimdir<\/p>\n<p>Neferim iki g\u00f6z\u00fcmd\u00fcr<\/p>\n<p>Andolsun T\u00fcrk\u00e7e s\u00f6z\u00fcmd\u00fcr<\/p>\n<p>K\u0131z\u0131lelma yolcular\u0131<\/p>\n<p>Hedefini biliyorsun<\/p>\n<p>Bayrak i\u00e7in \u00f6l\u00fcyorsun<\/p>\n<p>\u0130nce ince geliyorsun<\/p>\n<p>K\u0131z\u0131lelma yolcular\u0131<\/p>\n<p>10.01.2021<\/p>\n<p><strong>SEVSEN O YETER <\/strong><\/p>\n<p>Ba\u015fka bir\u015fey istemem<\/p>\n<p>Beni sevsen o yeter<\/p>\n<p>Benim olsan git demem<\/p>\n<p>Beni sevsen o yeter.<\/p>\n<p>Can\u0131mdas\u0131n \u00f6z\u00fcmde<\/p>\n<p>Ne s\u00f6ylersem s\u00f6z\u00fcmde<\/p>\n<p>Ba\u015fkas\u0131 yok g\u00f6z\u00fcmde<\/p>\n<p>Beni sevsen o yeter.<\/p>\n<p>Yerim yurdum olmas\u0131n<\/p>\n<p>G\u00fcllerin hi\u00e7 solmas\u0131n<\/p>\n<p>Sevgimiz son bulmas\u0131n<\/p>\n<p>Beni sevsen o yeter.<\/p>\n<p>Ekmek a\u015f\u0131m olmas\u0131n<\/p>\n<p>Kimse bizi bilmesin<\/p>\n<p>Vars\u0131n kader g\u00fclmesin<\/p>\n<p>Beni sevsen o yeter.<\/p>\n<p><strong>12.10.2021<\/strong><\/p>\n<p>&nbsp;<\/p>\n<p><strong>G\u00fcl\u00fcm Seni \u00c7ok \u00d6zledim<\/strong><\/p>\n<p>Neredesin y\u0131llar oldu,<br \/>\nG\u00fcl\u00fcm seni \u00e7ok \u00f6zledim.<br \/>\nG\u00f6zlerim yollarda kald\u0131,<br \/>\nG\u00fcl\u00fcm seni \u00e7ok \u00f6zledim.<\/p>\n<p>Bekliyorum gelmiyorsun,<br \/>\nHi\u00e7 oral\u0131 olmuyorsun.<br \/>\n\u00c7ekti\u011fimi bilmiyorsun,<br \/>\nG\u00fcl\u00fcm seni \u00e7ok \u00f6zledim.<\/p>\n<p>A\u015fk \u0130NCE\u2019yi deli etti,<br \/>\nBir leyla\u2019n\u0131n kulu etti,<br \/>\nYolun Kabe yolu etti,<br \/>\nG\u00fcl\u00fcm seni \u00e7ok \u00f6zledim,<br \/>\nCan\u0131m seni \u00e7ok \u00f6zledim<\/p>\n<p><strong>Sabit Ince Kayseri <\/strong><\/p>\n","protected":false},"excerpt":{"rendered":"<p>\u015eair ve yazar, gazeteci, ara\u015ft\u0131rmac\u0131, bestek\u00e2r, STK y\u00f6neticisi;\u00a0\u00a0ANASAN (Anadolu \u015eair, Yazar, Ozan, Bilim Adamlar\u0131 Birli\u011fi) Genel Ba\u015fkan\u0131.\u00a0Eserlerinde\u00a0T\u00fcrkmeno\u011flu \u0130nce, \u00c2\u015f\u0131k \u0130nce mahlaslar\u0131n\u0131 da kulland\u0131. 27 A\u011fustos 1954 tarihinde\u00a0 Nev\u015fehir-Kozakl\u0131\u2019n\u0131n Gerce k\u00f6y\u00fcnde, 7 karde\u015fin 4.s\u00fc olarak d\u00fcnyaya geldi. Anas\u0131 Nazende han\u0131m, o\u2019nun \u00e7ay\u0131rlar bi\u00e7ilirken yani Haziran ay\u0131nda d\u00fcnyaya geldi\u011fini s\u00f6yler ama n\u00fcfus kay\u0131tlar\u0131nda A\u011fustos ay\u0131nda do\u011fdu\u011fu yaz\u0131lmaktad\u0131r. [&hellip;]<\/p>\n","protected":false},"author":2,"featured_media":7786,"comment_status":"closed","ping_status":"closed","sticky":false,"template":"","format":"standard","meta":{"footnotes":""},"categories":[39,72,66,34],"tags":[],"class_list":["post-7784","post","type-post","status-publish","format-standard","has-post-thumbnail","hentry","category-dil","category-mdniyyt-xbrlr","category-olk","category-ziyalilarimiz"],"translation":{"provider":"WPGlobus","version":"3.0.2","language":"az","enabled_languages":["tl","az"],"languages":{"tl":{"title":true,"content":true,"excerpt":false},"az":{"title":false,"content":false,"excerpt":false}}},"_links":{"self":[{"href":"https:\/\/dodoqezeti.az\/az\/wp-json\/wp\/v2\/posts\/7784","targetHints":{"allow":["GET"]}}],"collection":[{"href":"https:\/\/dodoqezeti.az\/az\/wp-json\/wp\/v2\/posts"}],"about":[{"href":"https:\/\/dodoqezeti.az\/az\/wp-json\/wp\/v2\/types\/post"}],"author":[{"embeddable":true,"href":"https:\/\/dodoqezeti.az\/az\/wp-json\/wp\/v2\/users\/2"}],"replies":[{"embeddable":true,"href":"https:\/\/dodoqezeti.az\/az\/wp-json\/wp\/v2\/comments?post=7784"}],"version-history":[{"count":3,"href":"https:\/\/dodoqezeti.az\/az\/wp-json\/wp\/v2\/posts\/7784\/revisions"}],"predecessor-version":[{"id":7788,"href":"https:\/\/dodoqezeti.az\/az\/wp-json\/wp\/v2\/posts\/7784\/revisions\/7788"}],"wp:featuredmedia":[{"embeddable":true,"href":"https:\/\/dodoqezeti.az\/az\/wp-json\/wp\/v2\/media\/7786"}],"wp:attachment":[{"href":"https:\/\/dodoqezeti.az\/az\/wp-json\/wp\/v2\/media?parent=7784"}],"wp:term":[{"taxonomy":"category","embeddable":true,"href":"https:\/\/dodoqezeti.az\/az\/wp-json\/wp\/v2\/categories?post=7784"},{"taxonomy":"post_tag","embeddable":true,"href":"https:\/\/dodoqezeti.az\/az\/wp-json\/wp\/v2\/tags?post=7784"}],"curies":[{"name":"wp","href":"https:\/\/api.w.org\/{rel}","templated":true}]}}