{"id":8146,"date":"2022-03-07T23:34:22","date_gmt":"2022-03-07T19:34:22","guid":{"rendered":"https:\/\/dodoqezeti.az\/?p=8146"},"modified":"2022-03-07T23:34:22","modified_gmt":"2022-03-07T19:34:22","slug":"paytaxtin-yasillasdirma-zonalari-eko-monitirinq-v%c9%99-sorgular-kecirilir-qht-agentliyinin-maliyy%c9%99-d%c9%99st%c9%99yi-il%c9%99","status":"publish","type":"post","link":"https:\/\/dodoqezeti.az\/az\/2022\/03\/07\/paytaxtin-yasillasdirma-zonalari-eko-monitirinq-v%c9%99-sorgular-kecirilir-qht-agentliyinin-maliyy%c9%99-d%c9%99st%c9%99yi-il%c9%99\/","title":{"rendered":"Paytaxt\u0131n ya\u015f\u0131lla\u015fd\u0131rma zonalar\u0131: eko-monitirinq v\u0259 sor\u011fular ke\u00e7irilir. QHT Agentliyinin maliyy\u0259 d\u0259st\u0259yi il\u0259"},"content":{"rendered":"<header class=\"entry-header\">\n<h1 class=\"entry-title\"><img decoding=\"async\" class=\"wp-image-8818 lazyload\" style=\"--smush-placeholder-width: 1024px; --smush-placeholder-aspect-ratio: 1024\/683;font-size: 16px; font-weight: 400;\" data-src=\"https:\/\/yenimedia.net\/wp-content\/uploads\/2022\/03\/IMG_8388-1024x683.jpg\" data-sizes=\"(max-width: 1024px) 100vw, 1024px\" data-srcset=\"https:\/\/yenimedia.net\/wp-content\/uploads\/2022\/03\/IMG_8388-1024x683.jpg 1024w, https:\/\/yenimedia.net\/wp-content\/uploads\/2022\/03\/IMG_8388-300x200.jpg 300w, https:\/\/yenimedia.net\/wp-content\/uploads\/2022\/03\/IMG_8388-768x512.jpg 768w\" alt=\"\" src=\"data:image\/svg+xml;base64,PHN2ZyB3aWR0aD0iMSIgaGVpZ2h0PSIxIiB4bWxucz0iaHR0cDovL3d3dy53My5vcmcvMjAwMC9zdmciPjwvc3ZnPg==\" \/><\/h1>\n<\/header>\n<p>&nbsp;<\/p>\n<div class=\"entry-content clearfix\">\n<p><strong>\u201cS\u0259ma v\u0259 Eko\u201d Sosial-\u0130qtisadi \u0130nki\u015fafa Yard\u0131m \u0130ctimai Birliyinin \u201cBak\u0131 \u015f\u0259h\u0259rind\u0259 ya\u015f\u0131lla\u015fd\u0131rma zonalar\u0131n\u0131n monitirinqi v\u0259 hesabat\u0131n haz\u0131rlanmas\u0131\u201d layih\u0259si u\u011furla davam edir.<\/strong><\/p>\n<p><em><strong>Az\u0259rbaycan Respublikas\u0131n\u0131n Qeyri-H\u00f6kum\u0259t T\u0259\u015fkilatlar\u0131na D\u00f6vl\u0259t D\u0259st\u0259yi Agentliyinin maliyy\u0259 yard\u0131m\u0131 il\u0259 \u201cS\u0259ma v\u0259 Eko\u201d Sosial-\u0130qtisadi \u0130nki\u015fafa Yard\u0131m \u0130ctimai Birliyi t\u0259r\u0259find\u0259n h\u0259yata ke\u00e7iril\u0259n \u201cBak\u0131 \u015f\u0259h\u0259rind\u0259 ya\u015f\u0131lla\u015fd\u0131rma zonalar\u0131n\u0131n monitirinqi v\u0259 hesabat\u0131n haz\u0131rlanmas\u0131\u201d m\u00f6vzusunda \u00fc\u00e7ayl\u0131q aktual ekoloji layih\u0259 fevral\u0131n birind\u0259n etibar\u0259n u\u011furla realla\u015fd\u0131r\u0131l\u0131r.<br \/>\n\u201cS\u0259ma v\u0259 Eko\u201d Sosial-\u0130qtisadi \u0130nki\u015fafa Yard\u0131m \u0130ctimai Birliyi paytaxt sakinl\u0259ri aras\u0131nda \u0259traf m\u00fchitin m\u00fchafiz\u0259si m\u0259s\u0259l\u0259l\u0259ri m\u00f6vzusunda ekoloji monitorinq, t\u0259bli\u011fat v\u0259 sor\u011fular\u0131 kimi formalarda apard\u0131\u011f\u0131 maarifl\u0259ndirm\u0259 f\u0259aliyy\u0259tl\u0259ri geni\u015fl\u0259ndirilir. T\u0259\u015fkilat h\u0259llin\u0259 \u00e7al\u0131\u015fd\u0131\u011f\u0131 ya\u0131lla\u015fd\u0131rma m\u0259s\u0259ll\u0259rinin aktuall\u0131\u011f\u0131na geni\u015f k\u00fctl\u0259l\u0259rin ictimai diqq\u0259tini c\u0259lb etm\u0259y\u0259 \u00e7al\u0131\u015f\u0131r, bu y\u00f6nd\u0259 m\u00fc\u0259yy\u0259n u\u011furlu n\u0259tic\u0259l\u0259r qazan\u0131b.<\/strong><\/em><\/p>\n<p>5-7 mart tarixl\u0259rind\u0259 Bak\u0131n\u0131n se\u00e7m\u0259 4 b\u00f6lg\u0259sind\u0259 \u2013 S\u0259bail, Bin\u0259q\u0259di, Ab\u015feron v\u0259 Balaxan\u0131 zonalar\u0131nda ekoloji monitorinq apar\u0131l\u0131b, foto-video \u00e7\u0259kili\u015fl\u0259rl\u0259 \u0259hali aras\u0131nda sor\u011fular ke\u00e7irib, maarifl\u0259ndirici i\u015fl\u0259r g\u00f6r\u00fcl\u00fcb.<br \/>\n\u201cS\u0259ma v\u0259 Eko\u201d Sosial-\u0130qtisadi \u0130nki\u015fafa Yard\u0131m \u0130ctimai Birliyinin s\u0259dri v\u0259 layih\u0259 \u0130rad\u0259 H\u0259s\u0259nova, layih\u0259y\u0259 c\u0259lb edilmi\u015f g\u0259nc \u0259m\u0259kda\u015flar, el\u0259c\u0259 d\u0259 layih\u0259 \u00e7\u0259r\u00e7iv\u0259sind\u0259 formala\u015fd\u0131r\u0131lan \u201cG\u0259nc eko-aktivistl\u0259r\u201d qrupu g\u00f6r\u00fc\u015fd\u00fckl\u0259ri v\u0259t\u0259nda\u015flara ya\u015f\u015f\u0131ll\u0131qlar\u0131n qorunmas\u0131, \u0259traf m\u00fchitin t\u0259mizliyi u\u011frunda ictimai f\u0259all\u0131\u011f\u0131n vacibliyi, a\u011fac \u0259kilm\u0259si v\u0259 onlara qullu\u011fun, m\u00fchafiz\u0259si m\u0259s\u0259l\u0259l\u0259ri bar\u0259d\u0259 geni\u015f m\u0259lumatlar veribl\u0259r.<br \/>\nOnlar bildiribl\u0259r ki, eko-layih\u0259d\u0259 ya\u015f\u0131lla\u015fd\u0131rma il\u0259 ba\u011fl\u0131 monitorinq aparmaq v\u0259 bunun \u0259trafl\u0131 \u015f\u0259kild\u0259 hesabat\u0131n\u0131 verm\u0259k n\u0259z\u0259rd\u0259 tutulub. T\u0259r\u0259fimizd\u0259n h\u0259yata ke\u00e7irilm\u0259si n\u0259z\u0259rd\u0259 tutulan layih\u0259nin monitorinqi il\u0259 ba\u011fl\u0131 informasiya m\u0259nb\u0259l\u0259ri ara\u015fd\u0131r\u0131lm\u0131\u015f, Bak\u0131 \u015f\u0259h\u0259rinin b\u00fct\u00fcn rayonlar\u0131nda bu istiqam\u0259td\u0259 yoxlamalar v\u0259 ictimai-ekoloji bax\u0131\u015flar h\u0259yata ke\u00e7irilmi\u015fdir. Eyni zamanda, probleml\u0259 ba\u011fl\u0131 yaln\u0131z Bak\u0131 \u015f\u0259h\u0259rind\u0259 deyil, respublikam\u0131z\u0131n m\u00fcxt\u0259lif b\u00f6lg\u0259l\u0259rind\u0259 d\u0259 ya\u015f\u0131la\u015fd\u0131rma il\u0259 ba\u011fl\u0131 sor\u011fu apar\u0131lm\u0131\u015fd\u0131r. \u018fld\u0259 etdiyimiz n\u0259tic\u0259l\u0259rd\u0259n ir\u0259li g\u0259l\u0259n t\u0259cr\u00fcb\u0259y\u0259 \u0259saslanaraq haz\u0131rlanaraq h\u0259yata ke\u00e7iril\u0259n layih\u0259d\u0259 Bak\u0131 \u015f\u0259h\u0259rind\u0259 ya\u015f\u0131lla\u015fd\u0131rma il\u0259 ba\u011fl\u0131 monitorinql\u0259r v\u0259 sor\u011fular ke\u00e7irilm\u0259si \u0259sas prioritet m\u0259s\u0259l\u0259 kimi g\u00f6t\u00fcr\u00fcl\u00fcb.<\/p>\n<p>Son ill\u0259r respublikam\u0131zda ya\u015f\u0131lla\u015fd\u0131rma i\u015finin apar\u0131lmas\u0131 d\u00f6vl\u0259t siyas\u0259tinin bir hiss\u0259sini t\u0259\u015fkil edir. H\u0259r il \u00f6lk\u0259mizd\u0259 ya\u015f\u0131lla\u015fd\u0131rma il\u0259 ba\u011fl\u0131 b\u00f6y\u00fck aksiyalar ke\u00e7irilir. Az\u0259rbaycan Respublikas\u0131n\u0131n Prezidenti \u0130lham \u018fliyev c\u0259nablar\u0131n\u0131n v\u0259 birinci xan\u0131n Mehriban \u018fliyevan\u0131n d\u0259f\u0259l\u0259rl\u0259 bu aksiyalarda i\u015ftirak etdikl\u0259rinin v\u0259 a\u011fac \u0259kdikl\u0259rinin \u015fahidi olmu\u015fuq. Heyd\u0259r \u018fliyev Fondunun vitse-prezidenti Leyla xan\u0131m \u018fliyeva da Bak\u0131 \u015f\u0259h\u0259rind\u0259 apar\u0131lan ya\u015f\u0131lla\u015fd\u0131rma i\u015fl\u0259rin\u0259 b\u00f6y\u00fck t\u00f6hf\u0259l\u0259r vermi\u015fdir. Onun t\u0259\u015f\u0259bb\u00fcs\u00fc il\u0259 \u00f6lk\u0259mizin paytaxt\u0131nda ne\u00e7\u0259-ne\u00e7\u0259 yeni park sal\u0131nm\u0131\u015fd\u0131r.<br \/>\nRealla\u015fd\u0131r\u0131lan layih\u0259 g\u00f6r\u00fcl\u0259n b\u00fct\u00fcn bu i\u015fl\u0259rin \u0259traf\u0131nda, h\u0259m\u00e7inin yerli sakinl\u0259rin d\u00fc\u015f\u00fcnc\u0259l\u0259ri \u0259sas\u0131nda, b\u0259zi \u00e7at\u0131\u015fmazl\u0131qlar\u0131n \u00fcz\u0259 c\u0131xar\u0131lmas\u0131 v\u0259 ictimai-ekoloji hesabat\u0131n haz\u0131rlanmas\u0131n\u0131 n\u0259z\u0259rd\u0259 tutur.<br \/>\nSon on be\u015f ild\u0259 bu istiqam\u0259td\u0259 g\u00f6r\u00fcl\u0259n i\u015fl\u0259rin sur\u0259tin\u0259 g\u00f6r\u0259 d\u00fcnyada he\u00e7 bir analoqu yoxdur. D\u00f6vl\u0259t s\u0259viyy\u0259sind\u0259 apar\u0131lan ya\u015f\u0131lla\u015fd\u0131rma i\u015fl\u0259ri t\u0259kc\u0259 yeni parklar\u0131n sal\u0131nmas\u0131 v\u0259 \u0259traf\u0131n ya\u015f\u0131lla\u015fd\u0131r\u0131lmas\u0131 il\u0259 bitmir. H\u0259m d\u0259 paytaxt\u0131m\u0131zda ayr\u0131-ayr\u0131 h\u0259y\u0259tl\u0259rinin i\u00e7ind\u0259 v\u0259 ya h\u00fcnd\u00fcr binalar\u0131n aras\u0131nda ya\u015f\u0131lla\u015fd\u0131rma i\u015fl\u0259ri apar\u0131l\u0131r ki, bu da sakinl\u0259rin \u00fcr\u0259yinc\u0259 olan i\u015fl\u0259rdir. Sakinl\u0259rin \u00f6zl\u0259ri orada ist\u0259dikl\u0259ri vaxt istirah\u0259t edir, u\u015faqlar \u0259yl\u0259nir v\u0259 s. Bu i\u015fl\u0259r h\u0259m d\u0259 ekologiyaya m\u00fcsb\u0259t t\u0259sir g\u00f6st\u0259rir: paytaxt\u0131m\u0131z\u0131n h\u0259m havas\u0131 t\u0259mizl\u0259nir, h\u0259m d\u0259 \u015f\u0259h\u0259rimiz abadla\u015f\u0131r.<\/p>\n<figure class=\"wp-block-image\"><img decoding=\"async\" class=\"wp-image-8821 lazyload\" data-src=\"https:\/\/yenimedia.net\/wp-content\/uploads\/2022\/03\/IMG_8455-1024x683.jpg\" data-sizes=\"(max-width: 1024px) 100vw, 1024px\" data-srcset=\"https:\/\/yenimedia.net\/wp-content\/uploads\/2022\/03\/IMG_8455-1024x683.jpg 1024w, https:\/\/yenimedia.net\/wp-content\/uploads\/2022\/03\/IMG_8455-300x200.jpg 300w, https:\/\/yenimedia.net\/wp-content\/uploads\/2022\/03\/IMG_8455-768x512.jpg 768w\" alt=\"\" src=\"data:image\/svg+xml;base64,PHN2ZyB3aWR0aD0iMSIgaGVpZ2h0PSIxIiB4bWxucz0iaHR0cDovL3d3dy53My5vcmcvMjAwMC9zdmciPjwvc3ZnPg==\" style=\"--smush-placeholder-width: 1024px; --smush-placeholder-aspect-ratio: 1024\/683;\" \/><\/figure>\n<p>Ya\u015f\u0131lla\u015fd\u0131rma il\u0259 ba\u011fl\u0131 Bak\u0131 \u015f\u0259h\u0259rind\u0259 g\u00f6r\u00fcl\u0259n i\u015fl\u0259rin hesabat\u0131n\u0131n haz\u0131rlanmas\u0131 vacib m\u0259s\u0259l\u0259l\u0259rd\u0259ndir. Buna nail olmaq \u00fc\u00e7\u00fcn a\u015fa\u011f\u0131dak\u0131 v\u0259zif\u0259l\u0259r h\u0259yata ke\u00e7irilm\u0259si vacibdir: ya\u015f\u0131lla\u015fd\u0131rma il\u0259 ba\u011fl\u0131 monitorinql\u0259r apar\u0131lmas\u0131, \u0259hali aras\u0131nda ekologiyayla ba\u011fl\u0131 sor\u011fular\u0131n h\u0259yata ke\u00e7irilm\u0259si, t\u0259\u015fkilat\u0131m\u0131z t\u0259r\u0259find\u0259n t\u0259klifl\u0259r haz\u0131rlanaraq \u0259laq\u0259dar qurumlar\u0131n diqq\u0259tin\u0259 \u00e7atd\u0131r\u0131lmas\u0131.<br \/>\nFevral v\u0259 martda h\u0259yata ke\u00e7iril\u0259n f\u0259aliyy\u0259tl\u0259rd\u0259n biri d\u0259 paytaxtda parklarla ba\u011fl\u0131 monitorinql\u0259rl\u0259 ba\u011fl\u0131 idi. Parklar v\u0259 son ill\u0259rd\u0259 ya\u015f\u0131lla\u015fd\u0131r\u0131lm\u0131\u015f h\u0259y\u0259tyan\u0131 sah\u0259l\u0259rin siyah\u0131s\u0131 t\u0259rtib olunub. Layih\u0259y\u0259 c\u0259lb olunmu\u015f sosial i\u015f\u00e7il\u0259rl\u0259 b\u0259rab\u0259r m\u00fc\u0259yy\u0259nl\u0259\u015fdirilmi\u015f yerl\u0259rd\u0259 monitorinql\u0259r apar\u0131l\u0131b v\u0259 h\u0259min ya\u015f\u0131lla\u015fd\u0131rma yerl\u0259rinin \u2013 parklar\u0131n, h\u0259y\u0259tyan\u0131 sah\u0259l\u0259rin yax\u0131nl\u0131\u011f\u0131nda ya\u015fayan sakinl\u0259rl\u0259 apar\u0131lan sor\u011fular\u0131n m\u0259qs\u0259di ondan ibar\u0259t idi ki, \u0259halinin ya\u015f\u0131lla\u015fd\u0131rma il\u0259 ba\u011fl\u0131 n\u0259yi b\u0259y\u0259ndiyi, n\u0259yi is\u0259 b\u0259y\u0259nm\u0259diyi a\u015fkar edilsin. Ya\u015f\u0131lla\u015fd\u0131rmalarla ba\u011fl\u0131 \u0259g\u0259r n\u0259z\u0259rd\u0259n qa\u00e7an t\u0259r\u0259fl\u0259r varsa, \u00fcz\u0259 \u00e7\u0131xar\u0131lmas\u0131na, layih\u0259nin sonunda haz\u0131rlanacaq ictimai-ekoloji hesabat\u0131m\u0131zda onlar \u00f6z \u0259ksini tapacaqd\u0131r.<\/p>\n<figure class=\"wp-block-image\"><img decoding=\"async\" class=\"wp-image-8820 lazyload\" data-src=\"https:\/\/yenimedia.net\/wp-content\/uploads\/2022\/03\/IMG_8429-1024x683.jpg\" data-sizes=\"(max-width: 1024px) 100vw, 1024px\" data-srcset=\"https:\/\/yenimedia.net\/wp-content\/uploads\/2022\/03\/IMG_8429-1024x683.jpg 1024w, https:\/\/yenimedia.net\/wp-content\/uploads\/2022\/03\/IMG_8429-300x200.jpg 300w, https:\/\/yenimedia.net\/wp-content\/uploads\/2022\/03\/IMG_8429-768x512.jpg 768w\" alt=\"\" src=\"data:image\/svg+xml;base64,PHN2ZyB3aWR0aD0iMSIgaGVpZ2h0PSIxIiB4bWxucz0iaHR0cDovL3d3dy53My5vcmcvMjAwMC9zdmciPjwvc3ZnPg==\" style=\"--smush-placeholder-width: 1024px; --smush-placeholder-aspect-ratio: 1024\/683;\" \/><\/figure>\n<p>G\u0259l\u0259c\u0259kd\u0259 bu istiqam\u0259td\u0259 g\u00f6r\u00fcl\u0259n i\u015fl\u0259rd\u0259 \u00e7at\u0131\u015fmayan c\u0259h\u0259tl\u0259r t\u0259krar olunmayacaq. \u0130ndiy\u0259 q\u0259d\u0259r ya\u015f\u0131lla\u015fd\u0131rma il\u0259 ba\u011fl\u0131 g\u00f6r\u00fcl\u0259n i\u015fl\u0259rin \u0259ks\u0259riyy\u0259ti c\u0259miyy\u0259t t\u0259r\u0259find\u0259n raz\u0131l\u0131qla qar\u015f\u0131lan\u0131b, t\u0259qdir\u0259layiq say\u0131l\u0131b. Monitorinq apar\u0131lan sah\u0259l\u0259r (parklar, ya\u015f\u0131lla\u015fd\u0131r\u0131lm\u0131\u015f h\u0259y\u0259tl\u0259r) \u00e7\u0259kil\u0259n \u015f\u0259kill\u0259r v\u0259 videolarda \u00f6z \u0259ksini tap\u0131r, sor\u011fular da h\u0259m\u00e7inin.<br \/>\nLayih\u0259 h\u0259cmc\u0259 b\u00f6y\u00fck oldu\u011funa, \u015f\u0259h\u0259rin \u00f6z\u00fcn\u00fc v\u0259 bir s\u0131ra q\u0259s\u0259b\u0259sini \u0259hat\u0259 etdiyi \u00fc\u00e7\u00fcn g\u00f6r\u00fcl\u0259n i\u015fl\u0259rin hesabat\u0131n\u0131 h\u0259r ay, \u015f\u0259kill\u0259r v\u0259 videolarla b\u0259rab\u0259r donora, geni\u015f ictimaiyy\u0259t\u0259 v\u0259 mediaya t\u0259qdim edilir. Sonda \u00e7\u0259kilmi\u015f videolardan istifad\u0259 olunmaqla ekoloji m\u00f6vzuda video\u00e7arx haz\u0131rlanacaq, t\u0259dbir ke\u00e7iril\u0259r\u0259k onun t\u0259qdimat\u0131 t\u0259\u015fkil olunacaqd\u0131r.<\/p>\n<figure class=\"wp-block-image\"><img decoding=\"async\" class=\"wp-image-8824 lazyload\" data-src=\"https:\/\/yenimedia.net\/wp-content\/uploads\/2022\/03\/IMG_8470-1024x683.jpg\" data-sizes=\"(max-width: 1024px) 100vw, 1024px\" data-srcset=\"https:\/\/yenimedia.net\/wp-content\/uploads\/2022\/03\/IMG_8470-1024x683.jpg 1024w, https:\/\/yenimedia.net\/wp-content\/uploads\/2022\/03\/IMG_8470-300x200.jpg 300w, https:\/\/yenimedia.net\/wp-content\/uploads\/2022\/03\/IMG_8470-768x512.jpg 768w\" alt=\"\" src=\"data:image\/svg+xml;base64,PHN2ZyB3aWR0aD0iMSIgaGVpZ2h0PSIxIiB4bWxucz0iaHR0cDovL3d3dy53My5vcmcvMjAwMC9zdmciPjwvc3ZnPg==\" style=\"--smush-placeholder-width: 1024px; --smush-placeholder-aspect-ratio: 1024\/683;\" \/><\/figure>\n<p>\u018fhalinin m\u00fcsb\u0259t m\u0259nada r\u0259yinin , ya\u015f\u0131lla\u015fd\u0131rma il\u0259 ba\u011fl\u0131 \u00e7at\u0131\u015fmazl\u0131qlar\u0131n ortaya \u00e7\u0131xar\u0131lmas\u0131, onlarla ba\u011fl\u0131 m\u00fcvafiq d\u00f6vl\u0259t qurumlar\u0131 qar\u015f\u0131s\u0131nda m\u0259s\u0259l\u0259l\u0259rin qald\u0131r\u0131lmas\u0131, g\u00fcnd\u0259md\u0259 olan ekoloji m\u0259s\u0259l\u0259l\u0259rin daha da aktualla\u015fd\u0131r\u0131lmas\u0131, monitorinql\u0259rin realla\u015fd\u0131r\u0131lmas\u0131, sor\u011fular\u0131n ke\u00e7irilm\u0259si, video-\u00e7arx\u0131n haz\u0131rlanmas\u0131 kimi f\u0259aliyy\u0259tl\u0259rl\u0259 u\u011furlu n\u0259tic\u0259l\u0259r \u0259ld\u0259 edil\u0259c\u0259yi g\u00f6zl\u0259nilir.<br \/>\nF\u0259aliyy\u0259tl\u0259rin u\u011furlu al\u0131naca\u011f\u0131 t\u0259qdird\u0259 bu aktual eko-layih\u0259nin ard\u0131 respublikam\u0131z\u0131n dig\u0259r yerl\u0259rind\u0259 d\u0259 h\u0259yata ke\u00e7irm\u0259k planla\u015fd\u0131r\u0131l\u0131r.<\/p>\n<p>&nbsp;<\/p>\n<p><strong>\u201cS\u0259ma v\u0259 Eko\u201d Sosial-\u0130qtisadi \u0130nki\u015fafa Yard\u0131m<\/strong><br \/>\n<strong>\u0130ctimai Birliyinin M\u0259tbuat Xidm\u0259ti<\/strong><\/p>\n<\/div>\n","protected":false},"excerpt":{"rendered":"<p>&nbsp; \u201cS\u0259ma v\u0259 Eko\u201d Sosial-\u0130qtisadi \u0130nki\u015fafa Yard\u0131m \u0130ctimai Birliyinin \u201cBak\u0131 \u015f\u0259h\u0259rind\u0259 ya\u015f\u0131lla\u015fd\u0131rma zonalar\u0131n\u0131n monitirinqi v\u0259 hesabat\u0131n haz\u0131rlanmas\u0131\u201d layih\u0259si u\u011furla davam edir. Az\u0259rbaycan Respublikas\u0131n\u0131n Qeyri-H\u00f6kum\u0259t T\u0259\u015fkilatlar\u0131na D\u00f6vl\u0259t D\u0259st\u0259yi Agentliyinin maliyy\u0259 yard\u0131m\u0131 il\u0259 \u201cS\u0259ma v\u0259 Eko\u201d Sosial-\u0130qtisadi \u0130nki\u015fafa Yard\u0131m \u0130ctimai Birliyi t\u0259r\u0259find\u0259n h\u0259yata ke\u00e7iril\u0259n \u201cBak\u0131 \u015f\u0259h\u0259rind\u0259 ya\u015f\u0131lla\u015fd\u0131rma zonalar\u0131n\u0131n monitirinqi v\u0259 hesabat\u0131n haz\u0131rlanmas\u0131\u201d m\u00f6vzusunda \u00fc\u00e7ayl\u0131q aktual ekoloji layih\u0259 [&hellip;]<\/p>\n","protected":false},"author":2,"featured_media":8147,"comment_status":"closed","ping_status":"closed","sticky":false,"template":"","format":"standard","meta":{"footnotes":""},"categories":[48,66,26,34],"tags":[],"class_list":["post-8146","post","type-post","status-publish","format-standard","has-post-thumbnail","hentry","category-mdniyyt","category-olk","category-xbrlr","category-ziyalilarimiz"],"translation":{"provider":"WPGlobus","version":"3.0.2","language":"az","enabled_languages":["tl","az"],"languages":{"tl":{"title":true,"content":true,"excerpt":false},"az":{"title":false,"content":false,"excerpt":false}}},"_links":{"self":[{"href":"https:\/\/dodoqezeti.az\/az\/wp-json\/wp\/v2\/posts\/8146","targetHints":{"allow":["GET"]}}],"collection":[{"href":"https:\/\/dodoqezeti.az\/az\/wp-json\/wp\/v2\/posts"}],"about":[{"href":"https:\/\/dodoqezeti.az\/az\/wp-json\/wp\/v2\/types\/post"}],"author":[{"embeddable":true,"href":"https:\/\/dodoqezeti.az\/az\/wp-json\/wp\/v2\/users\/2"}],"replies":[{"embeddable":true,"href":"https:\/\/dodoqezeti.az\/az\/wp-json\/wp\/v2\/comments?post=8146"}],"version-history":[{"count":2,"href":"https:\/\/dodoqezeti.az\/az\/wp-json\/wp\/v2\/posts\/8146\/revisions"}],"predecessor-version":[{"id":8149,"href":"https:\/\/dodoqezeti.az\/az\/wp-json\/wp\/v2\/posts\/8146\/revisions\/8149"}],"wp:featuredmedia":[{"embeddable":true,"href":"https:\/\/dodoqezeti.az\/az\/wp-json\/wp\/v2\/media\/8147"}],"wp:attachment":[{"href":"https:\/\/dodoqezeti.az\/az\/wp-json\/wp\/v2\/media?parent=8146"}],"wp:term":[{"taxonomy":"category","embeddable":true,"href":"https:\/\/dodoqezeti.az\/az\/wp-json\/wp\/v2\/categories?post=8146"},{"taxonomy":"post_tag","embeddable":true,"href":"https:\/\/dodoqezeti.az\/az\/wp-json\/wp\/v2\/tags?post=8146"}],"curies":[{"name":"wp","href":"https:\/\/api.w.org\/{rel}","templated":true}]}}