{"id":8156,"date":"2022-03-13T21:59:42","date_gmt":"2022-03-13T17:59:42","guid":{"rendered":"https:\/\/dodoqezeti.az\/?p=8156"},"modified":"2022-03-13T22:00:04","modified_gmt":"2022-03-13T18:00:04","slug":"8156","status":"publish","type":"post","link":"https:\/\/dodoqezeti.az\/az\/2022\/03\/13\/8156\/","title":{"rendered":"\u018ffsan\u0259vi k\u0259\u015ffiyyat\u00e7\u0131 H\u0259mz\u0259 Sad\u0131qovun ev-muzeyind\u0259 ke\u00e7iril\u0259n g\u00f6r\u00fc\u015fd\u0259 onun igidliyi xat\u0131rlan\u0131b"},"content":{"rendered":"<p><img decoding=\"async\" class=\"size-medium wp-image-8157 alignleft lazyload\" data-src=\"https:\/\/dodoqezeti.az\/wp-content\/uploads\/2022\/03\/uzeyir-300x225.jpg\" alt=\"\" width=\"300\" height=\"225\" data-srcset=\"https:\/\/dodoqezeti.az\/wp-content\/uploads\/2022\/03\/uzeyir-300x225.jpg 300w, https:\/\/dodoqezeti.az\/wp-content\/uploads\/2022\/03\/uzeyir-768x576.jpg 768w, https:\/\/dodoqezeti.az\/wp-content\/uploads\/2022\/03\/uzeyir.jpg 892w\" data-sizes=\"(max-width: 300px) 100vw, 300px\" src=\"data:image\/svg+xml;base64,PHN2ZyB3aWR0aD0iMSIgaGVpZ2h0PSIxIiB4bWxucz0iaHR0cDovL3d3dy53My5vcmcvMjAwMC9zdmciPjwvc3ZnPg==\" style=\"--smush-placeholder-width: 300px; --smush-placeholder-aspect-ratio: 300\/225;\" \/>Ukrayna Zaporojye kazaklar\u0131n\u0131n mar\u015fal\u0131 \u00dczeyir Vahabov Az\u0259rbaycana s\u0259f\u0259ri \u00e7\u0259r\u00e7iv\u0259sind\u0259 \u0259fsan\u0259vi k\u0259\u015ffiyyat\u00e7\u0131 H\u0259mz\u0259 Sad\u0131qovun ev-muzeyin\u0259 ba\u015f \u00e7\u0259kib.<\/p>\n<p><a class=\"azertac-link\" href=\"https:\/\/azertag.az\/\" target=\"_blank\" rel=\"noopener\">AZ\u018fRTAC<\/a>\u00a0x\u0259b\u0259r verir ki, ev-muzeyind\u0259 \u00dczeyir Vahabovla ke\u00e7iril\u0259n g\u00f6r\u00fc\u015fd\u0259 H\u0259mz\u0259 Sad\u0131qovun q\u0259hr\u0259manl\u0131\u011f\u0131ndan b\u0259hs ed\u0259n film n\u00fcmayi\u015f olunub. \u00dczeyir Vahabov bildirib ki, ukraynal\u0131lar bu g\u00fcn d\u0259 igid az\u0259rbaycanl\u0131 k\u0259\u015ffiyyat\u00e7\u0131n\u0131 unutmur, xatir\u0259sini h\u0259r zaman \u0259ziz tuturlar.<\/p>\n<p>G\u00f6r\u00fc\u015fd\u0259 Az\u0259rbaycan xalq\u0131n\u0131n q\u0259hr\u0259man o\u011flu, k\u0259\u015ffiyyat komandiri m\u0259xfi polkovnik H\u0259mz\u0259 Sad\u0131qovun \u015f\u0259r\u0259fli \u00f6m\u00fcr v\u0259 d\u00f6y\u00fc\u015f yolu bir daha xat\u0131rlan\u0131b.<\/p>\n<p>Bildirilib ki, H\u0259mz\u0259 C\u00fcm\u015f\u00fcd o\u011flu Sad\u0131qov 1915-ci il oktyabr\u0131n 7-d\u0259 \u015eu\u015fada anadan olub. Kiyev Artilleriya M\u0259kt\u0259bind\u0259 t\u0259hsil al\u0131b v\u0259 \u0130kinci D\u00fcnya m\u00fcharib\u0259sind\u0259 \u00f6n c\u0259bh\u0259d\u0259 k\u0259\u015ffiyyat\u00e7\u0131 kimi f\u0259aliyy\u0259t g\u00f6st\u0259rib. Stalinqrad d\u00f6y\u00fc\u015fl\u0259ri zaman\u0131 ba\u015f leytenant r\u00fctb\u0259sind\u0259 batareya komandiri v\u0259zif\u0259sind\u0259 xidm\u0259t edib, eyni zamanda, Ba\u015f K\u0259\u015ffiyyat \u0130dar\u0259sinin 4-c\u00fc \u015f\u00f6b\u0259sinin \u0259m\u0259kda\u015f\u0131 olub.<\/p>\n<p>M\u00fcharib\u0259nin gedi\u015fat\u0131n\u0131 d\u0259yi\u015f\u0259n Stalinqrad d\u00f6y\u00fc\u015fl\u0259rind\u0259 H\u0259mz\u0259 Sad\u0131qov da misilsiz igidlik g\u00f6st\u0259rib. 1941-ci ild\u0259 Stalinqradda m\u00fcs\u0259lman m\u0259scidinin, y\u0259hudi sinaqoqunun, iki xristian kils\u0259sinin fa\u015fistl\u0259rd\u0259n t\u0259mizl\u0259nm\u0259sind\u0259 yax\u0131ndan i\u015ftirak edib. 1942-ci ilin sonlar\u0131nda bu \u015f\u0259h\u0259rd\u0259 yerl\u0259\u015f\u0259n h\u0259rbi \u0259sir d\u00fc\u015f\u0259rg\u0259sind\u0259ki y\u0259hudi ail\u0259l\u0259rini \u00f6l\u00fcm\u00fcn p\u0259nc\u0259sind\u0259n qurtar\u0131b.<\/p>\n<p>1943-c\u00fc il yanvar\u0131n 31-d\u0259 Stalinqradda alman ordusunun q\u0259rargahlar\u0131ndan birinin m\u00fchasir\u0259y\u0259 al\u0131nmas\u0131 H\u0259mz\u0259 Sad\u0131qovun komandirlik etdiyi qrupa h\u0259val\u0259 olunmu\u015fdu. \u0130yirmi be\u015fd\u0259n \u00e7ox fa\u015fisti t\u0259kba\u015f\u0131na m\u0259hv ed\u0259n H\u0259mz\u0259 Sad\u0131qov binan\u0131n zirz\u0259misind\u0259 saxlan\u0131lan onlarla y\u0259hudi u\u015fa\u011f\u0131n\u0131 \u0259sirlikd\u0259n azad etdi, q\u0259rargahda alman general-leytenant\u0131 \u0130ohann Fon Rodenburqu \u0259sir g\u00f6t\u00fcrd\u00fc. Bu hadis\u0259 zaman\u0131 ald\u0131\u011f\u0131 g\u00fcll\u0259 yaralar\u0131ndan hu\u015funu itir\u0259n komandir hospitala apar\u0131ld\u0131. Lakin onun qara g\u00fcnl\u0259ri, n\u00f6vb\u0259ti \u201cd\u00f6y\u00fc\u015f\u00fc\u201d m\u0259hz burada ba\u015flad\u0131, h\u0259r g\u00fcn saatlarla sor\u011fu-suala \u00e7\u0259kildi. M\u0259qs\u0259d o idi ki, alman general\u0131n\u0131n \u0259sir g\u00f6t\u00fcr\u00fclm\u0259si az\u0259rbaycanl\u0131n\u0131n ad\u0131na yaz\u0131lmas\u0131n.<\/p>\n<p>H\u0259min d\u00f6vrd\u0259 Anastas Mikoyan\u0131n Stalinqrad c\u0259bh\u0259si il\u0259 s\u0131x \u0259laq\u0259si var idi. O, bu c\u0259bh\u0259nin t\u0259minat v\u0259 t\u0259chizat\u0131 il\u0259 m\u0259\u015f\u011ful olurdu. Mikoyan Stalin\u0259 general Rodenburqun erm\u0259ni mayoru Ar\u015fakyan t\u0259r\u0259find\u0259n \u0259sir g\u00f6t\u00fcr\u00fcld\u00fcy\u00fcn\u00fc deyib. O erm\u0259niy\u0259 d\u0259 Sovet \u0130ttifaq\u0131 Q\u0259hr\u0259man\u0131 ad\u0131 verilib.<\/p>\n<p>M\u00fcst\u0259ntiql\u0259r t\u0259r\u0259find\u0259n i\u015fg\u0259nc\u0259l\u0259r\u0259 m\u0259ruz qalan H\u0259mz\u0259 Sad\u0131qov is\u0259 c\u0259za komendaturas\u0131na g\u00f6nd\u0259rilib. Uzun \u00e7\u0259k\u0259n m\u00fcbahis\u0259y\u0259 h\u0259kim ekspertl\u0259rin r\u0259yi son qoyub. Onun b\u0259d\u0259nind\u0259n \u00e7\u0131xar\u0131lan g\u00fcll\u0259 q\u0259lp\u0259sinin Rodenburqun \u015f\u0259xsi silah\u0131ndan at\u0131ld\u0131\u011f\u0131 m\u00fc\u0259yy\u0259n edilib.<\/p>\n<p>H\u0259qiq\u0259tin \u00fcz\u0259 \u00e7\u0131xar\u0131lmas\u0131 Az\u0259rbaycan Kommunist Partiyas\u0131 M\u0259rk\u0259zi Komit\u0259sinin birinci katibi Mirc\u0259f\u0259r Ba\u011f\u0131rovun da mara\u011f\u0131nda olub. O, H\u0259mz\u0259 Sad\u0131qovun m\u00fcalic\u0259 ald\u0131\u011f\u0131 hospitala gedib, m\u0259s\u0259l\u0259ni tam ara\u015fd\u0131rd\u0131qdan sonra Stalin\u0259 v\u0259 Beriyaya m\u00fcraci\u0259t edib. Stalin Siyasi B\u00fcronun iclas\u0131nda m\u00fcbahis\u0259y\u0259 son n\u00f6qt\u0259ni qoyaraq bel\u0259 demi\u015fdi: \u201cH\u0259mz\u0259 Sad\u0131qov qafqazl\u0131lara m\u0259xsus q\u0259hr\u0259manl\u0131q, qorxmazl\u0131q, m\u0259rdlik n\u00fcmayi\u015f etdirib\u201d.<\/p>\n<p>Mirc\u0259f\u0259r Ba\u011frov Bak\u0131ya qay\u0131td\u0131qdan sonra H\u0259mz\u0259 Sad\u0131qova Sovet \u0130ttifaq\u0131 Q\u0259hr\u0259man\u0131 ad\u0131 verilm\u0259si il\u0259 ba\u011fl\u0131 Moskvaya, Kreml\u0259 m\u00fcraci\u0259t etdi. Anastas Mikoyan yen\u0259 d\u0259 b\u00fct\u00fcn m\u00fcmk\u00fcn variantlardan istifad\u0259 ed\u0259r\u0259k t\u0259ltif m\u0259s\u0259l\u0259sinin qar\u015f\u0131s\u0131n\u0131 ald\u0131.<\/p>\n<p>G\u00f6r\u00fc\u015fd\u0259, h\u0259m\u00e7inin qeyd olunub ki, Vermaxt general\u0131 da dindirilm\u0259 zaman\u0131 az\u0259rbaycanl\u0131 zabit t\u0259r\u0259find\u0259n \u0259sir g\u00f6t\u00fcr\u00fcld\u00fcy\u00fcn\u00fc demi\u015fdi.<\/p>\n<p>M\u00fcharib\u0259d\u0259n sonra H\u0259mz\u0259 Sad\u0131qov A\u011fdama qay\u0131d\u0131b. H\u0259kiml\u0259rin s\u0259yl\u0259rin\u0259 baxmayaraq onun sa\u011f t\u0259r\u0259finin iflicini m\u00fcalic\u0259 etm\u0259k m\u00fcmk\u00fcn olmay\u0131b v\u0259 1964-c\u00fc il may\u0131n 9-da g\u00fcll\u0259 yaralar\u0131n\u0131n t\u00f6r\u0259tdiyi f\u0259sadlardan v\u0259fat edib.<\/p>\n<p>Qeyd olunub ki, SSR\u0130 Nazirl\u0259r Soveti s\u0259drinin birinci m\u00fcavini v\u0259zif\u0259sind\u0259 i\u015fl\u0259y\u0259rk\u0259n ulu \u00f6nd\u0259r Heyd\u0259r \u018fliyev Volqoqradda s\u0259naye i\u015f\u00e7il\u0259ril\u0259 g\u00f6r\u00fc\u015f\u00fcnd\u0259 H\u0259mz\u0259 Sad\u0131qovun fa\u015fist general\u0131n\u0131 t\u0259kba\u015f\u0131na \u0259sir g\u00f6t\u00fcrd\u00fcy\u00fcn\u00fc xat\u0131rlatm\u0131\u015f, q\u0259l\u0259b\u0259nin \u0259ld\u0259 olunmas\u0131nda az\u0259rbaycanl\u0131lar\u0131n da \u015f\u00fcca\u0259tini qeyd etmi\u015fdi.<\/p>\n<p>Ev-muzeyinin r\u0259hb\u0259ri vur\u011fulay\u0131b ki, q\u0259hr\u0259man H\u0259mz\u0259 Sad\u0131qov haqq\u0131nda h\u0259qiq\u0259tl\u0259rin d\u00fcnya m\u0259tbuat\u0131nda i\u015f\u0131qland\u0131r\u0131lmas\u0131nda Bak\u0131 Da\u011f Y\u0259hudil\u0259ri Dini \u0130cmas\u0131n\u0131n s\u0259dri Melih Yevdayevin, beyn\u0259lxalq m\u00fcnasib\u0259tl\u0259r sah\u0259sind\u0259 tan\u0131nm\u0131\u015f ekspert, Bak\u0131 Beyn\u0259lxalq Multikulturalizm M\u0259rk\u0259zinin \u0130srail n\u00fcmay\u0259nd\u0259liyinin r\u0259hb\u0259ri Arye Qutun, Rusiya Y\u0259hudi Konqresinin vitse-prezidenti, da\u011f y\u0259hudil\u0259rinin STMEQ\u0130 Beyn\u0259lxalq xeyriyy\u0259 fondunun prezidenti German Zaxaryayevin b\u00f6y\u00fck rolu olub.<\/p>\n<p>H\u0259mz\u0259 Sad\u0131qovun ev-muzeyini o\u011flu, \u0259dliyy\u0259 m\u00fc\u015faviri, polkovnik Firdovsi Sad\u0131qov yarad\u0131b. G\u00f6r\u00fc\u015fd\u0259 \u00dczeyir Vahabov polkovnik Firdovsi Sad\u0131qova Ukrayna Daxili \u0130\u015fl\u0259r Nazirliyinin v\u0259 kazaklar\u0131n \u201cMar\u015fal\u201d medal\u0131n\u0131 v\u0259 Ukrayna Kazaklar\u0131 Getman\u0131n\u0131n f\u0259xri f\u0259rman\u0131n\u0131 t\u0259qdim edib.<\/p>\n<p><strong>azertag.az<\/strong><\/p>\n","protected":false},"excerpt":{"rendered":"<p>Ukrayna Zaporojye kazaklar\u0131n\u0131n mar\u015fal\u0131 \u00dczeyir Vahabov Az\u0259rbaycana s\u0259f\u0259ri \u00e7\u0259r\u00e7iv\u0259sind\u0259 \u0259fsan\u0259vi k\u0259\u015ffiyyat\u00e7\u0131 H\u0259mz\u0259 Sad\u0131qovun ev-muzeyin\u0259 ba\u015f \u00e7\u0259kib. AZ\u018fRTAC\u00a0x\u0259b\u0259r verir ki, ev-muzeyind\u0259 \u00dczeyir Vahabovla ke\u00e7iril\u0259n g\u00f6r\u00fc\u015fd\u0259 H\u0259mz\u0259 Sad\u0131qovun q\u0259hr\u0259manl\u0131\u011f\u0131ndan b\u0259hs ed\u0259n film n\u00fcmayi\u015f olunub. \u00dczeyir Vahabov bildirib ki, ukraynal\u0131lar bu g\u00fcn d\u0259 igid az\u0259rbaycanl\u0131 k\u0259\u015ffiyyat\u00e7\u0131n\u0131 unutmur, xatir\u0259sini h\u0259r zaman \u0259ziz tuturlar. G\u00f6r\u00fc\u015fd\u0259 Az\u0259rbaycan xalq\u0131n\u0131n q\u0259hr\u0259man o\u011flu, k\u0259\u015ffiyyat [&hellip;]<\/p>\n","protected":false},"author":2,"featured_media":8157,"comment_status":"closed","ping_status":"closed","sticky":false,"template":"","format":"standard","meta":{"footnotes":""},"categories":[66,53,34],"tags":[],"class_list":["post-8156","post","type-post","status-publish","format-standard","has-post-thumbnail","hentry","category-olk","category-tarix","category-ziyalilarimiz"],"translation":{"provider":"WPGlobus","version":"3.0.2","language":"az","enabled_languages":["tl","az"],"languages":{"tl":{"title":true,"content":true,"excerpt":false},"az":{"title":false,"content":false,"excerpt":false}}},"_links":{"self":[{"href":"https:\/\/dodoqezeti.az\/az\/wp-json\/wp\/v2\/posts\/8156","targetHints":{"allow":["GET"]}}],"collection":[{"href":"https:\/\/dodoqezeti.az\/az\/wp-json\/wp\/v2\/posts"}],"about":[{"href":"https:\/\/dodoqezeti.az\/az\/wp-json\/wp\/v2\/types\/post"}],"author":[{"embeddable":true,"href":"https:\/\/dodoqezeti.az\/az\/wp-json\/wp\/v2\/users\/2"}],"replies":[{"embeddable":true,"href":"https:\/\/dodoqezeti.az\/az\/wp-json\/wp\/v2\/comments?post=8156"}],"version-history":[{"count":3,"href":"https:\/\/dodoqezeti.az\/az\/wp-json\/wp\/v2\/posts\/8156\/revisions"}],"predecessor-version":[{"id":8159,"href":"https:\/\/dodoqezeti.az\/az\/wp-json\/wp\/v2\/posts\/8156\/revisions\/8159"}],"wp:featuredmedia":[{"embeddable":true,"href":"https:\/\/dodoqezeti.az\/az\/wp-json\/wp\/v2\/media\/8157"}],"wp:attachment":[{"href":"https:\/\/dodoqezeti.az\/az\/wp-json\/wp\/v2\/media?parent=8156"}],"wp:term":[{"taxonomy":"category","embeddable":true,"href":"https:\/\/dodoqezeti.az\/az\/wp-json\/wp\/v2\/categories?post=8156"},{"taxonomy":"post_tag","embeddable":true,"href":"https:\/\/dodoqezeti.az\/az\/wp-json\/wp\/v2\/tags?post=8156"}],"curies":[{"name":"wp","href":"https:\/\/api.w.org\/{rel}","templated":true}]}}