{"id":8270,"date":"2025-02-13T15:09:50","date_gmt":"2025-02-13T11:09:50","guid":{"rendered":"https:\/\/dodoqezeti.az\/?p=8270"},"modified":"2025-02-13T21:30:30","modified_gmt":"2025-02-13T17:30:30","slug":"baki-buynelxalq-multikulturalizim-merkezinin-icraci-direktoru-revan-hesenov","status":"publish","type":"post","link":"https:\/\/dodoqezeti.az\/az\/2025\/02\/13\/baki-buynelxalq-multikulturalizim-merkezinin-icraci-direktoru-revan-hesenov\/","title":{"rendered":"BAKI BEYN\u018fLXALQ MULT\u0130KULTURAL\u0130Z\u0130M M\u018fRK\u018fZ\u0130N\u0130N \u0130CRA\u00c7I D\u0130REKTORU R\u018fVAN H\u018fS\u018fNOV"},"content":{"rendered":"<p><img decoding=\"async\" class=\"size-medium wp-image-8277 alignleft lazyload\" data-src=\"https:\/\/dodoqezeti.az\/wp-content\/uploads\/2025\/02\/uuuu-228x300.jpg\" alt=\"\" width=\"228\" height=\"300\" data-srcset=\"https:\/\/dodoqezeti.az\/wp-content\/uploads\/2025\/02\/uuuu-228x300.jpg 228w, https:\/\/dodoqezeti.az\/wp-content\/uploads\/2025\/02\/uuuu.jpg 526w\" data-sizes=\"(max-width: 228px) 100vw, 228px\" src=\"data:image\/svg+xml;base64,PHN2ZyB3aWR0aD0iMSIgaGVpZ2h0PSIxIiB4bWxucz0iaHR0cDovL3d3dy53My5vcmcvMjAwMC9zdmciPjwvc3ZnPg==\" style=\"--smush-placeholder-width: 228px; --smush-placeholder-aspect-ratio: 228\/300;\" \/><\/p>\n<h3 class=\"fz20 fwb\">Konstitusiya etno-m\u0259d\u0259ni m\u00fcxt\u0259lifliyin qarant\u0131 kimi<\/h3>\n<p>Etnom\u0259d\u0259ni m\u00fcxt\u0259liflik c\u0259miyy\u0259tin sosial, m\u0259d\u0259ni v\u0259 iqtisadi strukturunu formala\u015fd\u0131ran \u0259sas amill\u0259rd\u0259ndir. Bu m\u00fcxt\u0259liflik, h\u0259r bir d\u00f6vl\u0259tin tarixind\u0259n, co\u011frafiyas\u0131ndan, d\u00f6vl\u0259t qurulu\u015fundan, daxili v\u0259 xarici siyas\u0259tind\u0259n qaynaqlan\u0131r. Az\u0259rbaycan \u00e7oxsayl\u0131 etnik v\u0259 dini qruplar\u0131n bir arada ya\u015fad\u0131\u011f\u0131 \u00e7oxm\u0259d\u0259niyy\u0259tli bir \u00f6lk\u0259 olaraq, etnom\u0259d\u0259ni m\u00fcxt\u0259lifliyi \u00f6z\u00fcn\u00fcn z\u0259ngin sosial bazas\u0131n\u0131n \u0259sas hiss\u0259si hesab edir. Az\u0259rbaycan c\u0259miyy\u0259tinin inki\u015faf\u0131nda, eyni zamanda \u00f6lk\u0259nin milli kimliyinin formala\u015fmas\u0131nda etnom\u0259d\u0259ni m\u00fcxt\u0259liflik m\u00fch\u00fcm rol oynay\u0131r. D\u00f6vl\u0259tin etnom\u0259d\u0259ni m\u00fcxt\u0259lifliyinin qorunmas\u0131, t\u0259\u015fviq edilm\u0259si, multikulturalizmi v\u0259 tolerantl\u0131\u011f\u0131 art\u0131r\u0131r. F\u0259rqli etnik v\u0259 dini azl\u0131qlar\u0131n bir arada ya\u015famas\u0131, qar\u015f\u0131l\u0131ql\u0131 h\u00f6rm\u0259t v\u0259 anlay\u0131\u015f\u0131n yaranmas\u0131na g\u0259tirib \u00e7\u0131xar\u0131r, bu da sosial sabitliyi t\u0259min edir. Lakin tarixi prosesd\u0259 formala\u015fan etnom\u0259d\u0259ni m\u00fcxt\u0259liflik v\u0259 onun \u0259sas\u0131n\u0131 t\u0259\u015fkil ed\u0259n etnom\u0259d\u0259ni d\u0259y\u0259rl\u0259r d\u00f6vl\u0259t t\u0259r\u0259find\u0259n t\u0259nziml\u0259nm\u0259y\u0259nd\u0259 v\u0259 ya d\u00fczg\u00fcn t\u0259nziml\u0259nm\u0259y\u0259nd\u0259 ciddi probleml\u0259r yaran\u0131r, h\u0259tta m\u00fcnaqi\u015f\u0259l\u0259r\u0259 s\u0259b\u0259b olur. Ona g\u00f6r\u0259 d\u0259 etnom\u0259d\u0259ni m\u00fcxt\u0259lifliyin d\u00fczg\u00fcn t\u0259nziml\u0259nm\u0259si h\u0259r bir multikultural d\u00f6vl\u0259t \u00fc\u00e7\u00fcn b\u00f6y\u00fck \u0259h\u0259miyy\u0259t k\u0259sb edir. Bunun \u00fc\u00e7\u00fcn \u0259n m\u00fch\u00fcm add\u0131m etnom\u0259d\u0259ni m\u00fcxt\u0259lifliyin h\u00fcquqi t\u0259minatlara \u0259saslanmas\u0131, y\u0259ni d\u00f6vl\u0259tin konstitusiyas\u0131nda v\u0259 qanunvericiliyind\u0259 etnik v\u0259 m\u0259d\u0259ni azl\u0131qlar\u0131n b\u0259rab\u0259r h\u00fcquqlar\u0131n\u0131n tan\u0131nmas\u0131, onlar\u0131n m\u0259d\u0259niyy\u0259tl\u0259rinin qorunmas\u0131 v\u0259 inki\u015faf etdirilm\u0259si \u00fc\u00e7\u00fcn \u015f\u0259raitin yarad\u0131lmas\u0131d\u0131r.<\/p>\n<p>M\u00fcasir d\u00f6vrd\u0259 h\u0259r bir d\u00f6vl\u0259tin u\u011furu yaln\u0131z iqtisadi v\u0259 siyasi g\u00f6st\u0259ricil\u0259rl\u0259 deyil, h\u0259m d\u0259 onun sosial inkl\u00fczivliyi, f\u0259rqli qruplara olan m\u00fcnasib\u0259ti il\u0259 \u00f6l\u00e7\u00fcl\u00fcr. D\u00f6vl\u0259tl\u0259r h\u0259m milli qanunvericilikl\u0259, h\u0259m d\u0259 beyn\u0259lxalq m\u00fcqavil\u0259l\u0259rl\u0259 etnik v\u0259 m\u0259d\u0259ni azl\u0131qlar\u0131n h\u00fcquqlar\u0131n\u0131 qoruma\u011fa v\u0259 onlar\u0131n m\u00fcxt\u0259lif imtiyazlar\u0131n\u0131 t\u0259min etm\u0259y\u0259 borcludurlar. Az\u0259rbaycan Respublikas\u0131 da etnik v\u0259 m\u0259d\u0259ni azl\u0131qlar\u0131n h\u00fcquqlar\u0131n\u0131n qorunmas\u0131na x\u00fcsusi \u00f6n\u0259m verir. D\u00f6vl\u0259tin \u0259sas m\u0259qs\u0259di m\u00fcxt\u0259lif etnik azl\u0131qlar\u0131n m\u0259d\u0259niyy\u0259tl\u0259rini, dill\u0259rini, ad\u0259t-\u0259n\u0259n\u0259l\u0259rini qorumaq, onlar\u0131n h\u00fcquqlar\u0131n\u0131 t\u0259min etm\u0259k v\u0259 sosial sabitliyi qorumaqd\u0131r. Az\u0259rbaycan\u0131n m\u00fcst\u0259qilliyinin b\u0259rpa olunmas\u0131n\u0131n ilk ill\u0259rind\u0259 etnik v\u0259 m\u0259d\u0259ni azl\u0131qlar\u0131n h\u00fcquqlar\u0131n\u0131n qorunmas\u0131 istiqam\u0259tind\u0259 m\u00fch\u00fcm i\u015fl\u0259r g\u00f6r\u00fcld\u00fc. \u00dcmummilli Lider Heyd\u0259r \u018fliyevin hakimiyy\u0259ti d\u00f6vr\u00fcnd\u0259 m\u00fcxt\u0259lif etnik azl\u0131qlar\u0131n v\u0259 dini icmalar\u0131n bir arada ya\u015famas\u0131 v\u0259 b\u0259rab\u0259r h\u00fcquqlara malik olmas\u0131 m\u0259qs\u0259dil\u0259 vacib h\u00fcquqi v\u0259 sosial add\u0131mlar at\u0131ld\u0131. Bu add\u0131mlardan \u0259n \u00f6n\u0259mlisi 1995-ci ild\u0259 Az\u0259rbaycan<\/p>\n<p>Respublikas\u0131 Konstitusiyas\u0131n\u0131n q\u0259bul olunmas\u0131 idi. Konstitusiyan\u0131n q\u0259bulu \u00fcmummilli lider Heyd\u0259r \u018fliyevin Az\u0259rbaycan d\u00f6vl\u0259t\u00e7iliyi qar\u015f\u0131s\u0131ndak\u0131 b\u00f6y\u00fck xidm\u0259tl\u0259rind\u0259n biridir. Bu Konstitusiya m\u00fcst\u0259qil d\u00f6vl\u0259t quruculu\u011fu prosesini t\u0259nziml\u0259y\u0259n, demokratik inki\u015fafa t\u0259minat yaradan, c\u0259miyy\u0259tin siyasi, sosial, m\u0259d\u0259ni, iqtisadi sferalar\u0131nda k\u00f6kl\u00fc d\u0259yi\u015fiklikl\u0259ri \u00f6z\u00fcnd\u0259 ehtiva ed\u0259n, qanunvericiliyin t\u0259kmill\u0259\u015fdirilm\u0259sind\u0259 h\u00fcquqi baza rolunu oynayan m\u00fck\u0259mm\u0259l v\u0259 m\u00fct\u0259r\u0259qqi s\u0259n\u0259d idi. Konstitusiya eyni zamanda etnik v\u0259 dini azl\u0131qlar\u0131n h\u00fcquqlar\u0131n\u0131 qorumaq \u00fc\u00e7\u00fcn g\u00fccl\u00fc h\u00fcquqi v\u0259 institusional baza yaratd\u0131. Burada insan v\u0259 v\u0259t\u0259nda\u015f h\u00fcquqlar\u0131n\u0131n qorunmas\u0131 il\u0259 ba\u011fl\u0131 \u00e7oxsayl\u0131 m\u00fcdd\u0259alar yer al\u0131r ki, bunlar etnik v\u0259 m\u0259d\u0259ni m\u00fcxt\u0259lifliyin qorunmas\u0131na v\u0259 t\u0259\u015fviqin\u0259 y\u00f6n\u0259ldilib. Konstitusiyan\u0131n 25-ci madd\u0259sinin 3-c\u00fc b\u0259ndind\u0259 g\u00f6st\u0259rilir: \u201cD\u00f6vl\u0259t, irqind\u0259n, etnik m\u0259nsubiyy\u0259tind\u0259n, dinind\u0259n, dilind\u0259n, cinsind\u0259n, m\u0259n\u015f\u0259yind\u0259n, \u0259mlak v\u0259ziyy\u0259tind\u0259n, qulluq m\u00f6vqeyind\u0259n, \u0259qid\u0259sind\u0259n, siyasi partiyalara, h\u0259mkarlar ittifaqlar\u0131na v\u0259 dig\u0259r ictimai birlikl\u0259r\u0259 m\u0259nsubiyy\u0259tind\u0259n as\u0131l\u0131 olmayaraq, h\u0259r k\u0259sin h\u00fcquq v\u0259 azadl\u0131qlar\u0131n\u0131n b\u0259rab\u0259rliyin\u0259 t\u0259minat verir. \u0130nsan v\u0259 v\u0259t\u0259nda\u015f h\u00fcquqlar\u0131n\u0131 v\u0259 azadl\u0131qlar\u0131n\u0131 irqi, etnik, dini, dil, cinsi, m\u0259n\u015f\u0259yi, \u0259qid\u0259, siyasi v\u0259 sosial m\u0259nsubiyy\u0259t\u0259 g\u00f6r\u0259 m\u0259hdudla\u015fd\u0131rmaq qada\u011fand\u0131r\u201d. Bu b\u0259nd d\u00f6vl\u0259tin h\u0259r bir v\u0259t\u0259nda\u015f\u0131 \u00fc\u00e7\u00fcn b\u0259rab\u0259r \u015f\u0259kild\u0259 tan\u0131n\u0131r v\u0259 d\u00f6vl\u0259t onlar\u0131n qorunmas\u0131na z\u0259man\u0259t verir. Bu b\u0259nd g\u00f6st\u0259rir ki, b\u00fct\u00fcn insanlar, sosial v\u0259 h\u00fcquqi v\u0259ziyy\u0259tl\u0259rin\u0259 g\u00f6r\u0259 he\u00e7 bir ayr\u0131-se\u00e7kiliy\u0259 m\u0259ruz qalmamal\u0131d\u0131rlar.<\/p>\n<p>Konsitiusiyan\u0131n 21-ci madd\u0259sinin 2-ci b\u0259ndi qeyd edir ki, Az\u0259rbaycan Respublikas\u0131 \u0259halinin dan\u0131\u015fd\u0131\u011f\u0131 ba\u015fqa dill\u0259rin s\u0259rb\u0259st i\u015fl\u0259dilm\u0259sini v\u0259 inki\u015faf\u0131n\u0131 t\u0259min edir. 45-ci madd\u0259si h\u0259r k\u0259sin ana dilind\u0259n istifad\u0259 etm\u0259k, ist\u0259diyi dild\u0259 t\u0259rbiy\u0259 v\u0259 t\u0259hsil almaq, yarad\u0131c\u0131l\u0131qla m\u0259\u015f\u011ful olmaq h\u00fcquqlar\u0131n\u0131n oldu\u011funu t\u0259sbit edir, vur\u011fulay\u0131r ki, he\u00e7 k\u0259s ana dilind\u0259n istifad\u0259 h\u00fcququndan m\u0259hrum edil\u0259 bilm\u0259z.<\/p>\n<p>N\u0259z\u0259r\u0259 alsaq ki, haz\u0131rda Az\u0259rbaycanda kompakt halda ya\u015fayan 30-dan art\u0131q etnik azl\u0131q var v\u0259 bu azl\u0131qlar\u0131n h\u0259r biri \u00f6z dill\u0259rind\u0259 s\u0259rb\u0259st \u015f\u0259kild\u0259 dan\u0131\u015f\u0131rlar. Onlar\u0131n konstitusuiyan\u0131n verdiyi h\u00fcquqlara \u0259sas\u0259n \u00f6z dill\u0259rind\u0259 t\u0259hsil almaq, radio v\u0259 televiziyada \u00f6z dill\u0259rind\u0259 s\u0259sl\u0259n\u0259n proqramlar\u0131 izl\u0259m\u0259k, ana dilind\u0259 m\u00fct\u0259madi olaraq kitablar, jurnallar, d\u0259rslikl\u0259r n\u0259\u015fr etdirm\u0259k imkanlar\u0131 var.<\/p>\n<p>44-c\u00fc madd\u0259d\u0259 is\u0259 g\u00f6st\u0259rilir ki, h\u0259r k\u0259sin milli m\u0259nsubiyy\u0259tini qoruyub saxlamaq h\u00fcququ vard\u0131r (b\u0259nd 1 ), he\u00e7 k\u0259s milli m\u0259nsubiyy\u0259tini d\u0259yi\u015fdirm\u0259y\u0259 m\u0259cbur edil\u0259 bilm\u0259z (b\u0259nd 2). Y\u0259ni h\u0259r bir \u015f\u0259xs \u00f6z etnik m\u0259nsubiyy\u0259tini, dilini, m\u0259d\u0259niyy\u0259tini v\u0259 \u0259n\u0259n\u0259l\u0259rini qorumaqda s\u0259rb\u0259stdir. Bu h\u00fcququn t\u0259min edilm\u0259si, \u015f\u0259xsin \u00f6z kimliyini, m\u0259d\u0259ni d\u0259y\u0259rl\u0259rini v\u0259 \u0259n\u0259n\u0259l\u0259rini s\u0259rb\u0259st \u015f\u0259kild\u0259 ya\u015fatmas\u0131na imkan verir.<\/p>\n<p>Az\u0259rbaycan Respublikas\u0131 Konstitusiyas\u0131n\u0131n etnom\u0259d\u0259ni m\u00fcxt\u0259lifliyi qorumaqla ba\u011fl\u0131 m\u00fcdd\u0259alar\u0131 yaln\u0131z h\u00fcquqi t\u0259minatlar t\u0259qdim etmir, h\u0259m d\u0259 bunun praktiki t\u0259tbiqini h\u0259yata ke\u00e7ir\u0259c\u0259k mexanizml\u0259ri t\u0259sbit edir. Bunula ba\u011fl\u0131 d\u00f6vl\u0259tin m\u00fcvafiq qurumlar\u0131, etnik v\u0259 dini azl\u0131qlar\u0131n h\u00fcquqlar\u0131n\u0131 t\u0259min etm\u0259k \u00fc\u00e7\u00fcn m\u00fc\u0259yy\u0259n strukturlar yarad\u0131l\u0131b. Bu strukturlar aras\u0131nda Bak\u0131 Beyn\u0259lxalq Multikulturalizm M\u0259rk\u0259zi x\u00fcsusil\u0259 \u00f6n\u0259mli yer tutur. M\u0259rk\u0259z, Az\u0259rbaycan\u0131n multikulturalizm siyas\u0259tinin t\u0259tbiqi v\u0259 bu sah\u0259d\u0259 beyn\u0259lxalq \u0259m\u0259kda\u015fl\u0131q \u00fc\u00e7\u00fcn m\u00fch\u00fcm bir platformad\u0131r. M\u0259rk\u0259z Az\u0259rbaycan Respublikas\u0131n\u0131n multikulturalizm siyas\u0259tini t\u0259bli\u011f etm\u0259k, m\u00fcxt\u0259lif etnik v\u0259 dini qruplar\u0131n h\u00fcquqlar\u0131n\u0131 qorumaq, onlar\u0131n m\u0259d\u0259niyy\u0259tl\u0259rini inki\u015faf etdirm\u0259k v\u0259 bu m\u00f6vzuda beyn\u0259lxalq s\u0259viyy\u0259d\u0259 t\u0259cr\u00fcb\u0259 m\u00fcbadil\u0259si aparmaq m\u0259qs\u0259dil\u0259 yarad\u0131l\u0131b. Az\u0259rbaycan Respublikas\u0131 Konstitusiyas\u0131n\u0131n etnik v\u0259 dini azl\u0131qlar\u0131n h\u00fcquqlar\u0131n\u0131 qorumaqla ba\u011fl\u0131 m\u00fcdd\u0259alar\u0131n\u0131 t\u0259bli\u011f edir v\u0259 bu istiqam\u0259td\u0259 Az\u0259rbaycanda ya\u015fayan etnik v\u0259 dini azl\u0131qlar\u0131n m\u0259d\u0259niyy\u0259tl\u0259rinin qorunmas\u0131 v\u0259 inki\u015faf\u0131 il\u0259 ba\u011fl\u0131 m\u00fch\u00fcm add\u0131mlar at\u0131r. Eyni zamanda M\u0259d\u0259niyy\u0259tl\u0259raras\u0131 dialoq v\u0259 \u0259m\u0259kda\u015fl\u0131q m\u0259s\u0259l\u0259l\u0259rini g\u00fcnd\u0259m\u0259 g\u0259tir\u0259r\u0259k, azsayl\u0131 xalqlar\u0131n v\u0259 dini icmalar\u0131n m\u0259d\u0259ni irsinin qorunmas\u0131na d\u0259st\u0259k verir.<\/p>\n<p>Bu g\u00fcn Prezident \u0130lham \u018fliyev \u0259<\/p>\n<p>sas\u0131 Ulu \u00d6nd\u0259r Heyd\u0259r \u018fliyev t\u0259r\u0259find\u0259n qoyulmu\u015f multikulturalizm siyas\u0259tini u\u011furla davam etdirir, Az\u0259rbaycanda etnik v\u0259 dini m\u00fcxt\u0259lifliyin qorunmas\u0131na x\u00fcsusi \u00f6n\u0259m verir. Haz\u0131rda Az\u0259rbaycan iki f\u0259rqli sivilizasiya aras\u0131nda k\u00f6rp\u00fc rolunu oynamaqla, \u015e\u0259rq v\u0259 Q\u0259rbin qov\u015fa\u011f\u0131nda \u00f6z n\u00fcfuzunu g\u00fccl\u0259ndirm\u0259kd\u0259dir. \u0130lham \u018fliyevin uzaqg\u00f6r\u0259n siyas\u0259ti n\u0259tic\u0259sind\u0259 \u00f6lk\u0259mizd\u0259 multikulturalizm alternativi olmayan h\u0259yat t\u0259rzin\u0259 \u00e7evrilib. Prezident h\u0259r zaman \u00e7\u0131x\u0131\u015flar\u0131nda multikulturalizmin Az\u0259rbaycan\u0131n d\u00f6vl\u0259t siyas\u0259tinin t\u0259rkib hiss\u0259si oldu\u011funu vur\u011fulay\u0131r: \u201cMultikulturalizm v\u0259 tolerantl\u0131q xalq\u0131m\u0131z\u0131n h\u0259yat v\u0259 ya\u015fam t\u0259rzini \u00f6z\u00fcnd\u0259 \u0259ks etdir\u0259n m\u00fch\u00fcm d\u0259y\u0259rl\u0259r olmaqla yana\u015f\u0131, Az\u0259rbaycan\u0131n d\u00f6vl\u0259t siyas\u0259tinin \u0259sas prioritetl\u0259rind\u0259ndir\u201d. Bu yana\u015fma, Az\u0259rbaycan\u0131n f\u0259rqli xalqlar v\u0259 m\u0259d\u0259niyy\u0259tl\u0259r aras\u0131nda \u0259laq\u0259l\u0259ri g\u00fccl\u0259ndirm\u0259sin\u0259 v\u0259 \u00f6lk\u0259nin sabitliyini qoruma\u011fa xidm\u0259t edir. Az\u0259rbaycan\u0131n multikulturalizm v\u0259 tolerantl\u0131q prinsipin\u0259 verdiyi \u00f6n\u0259mi vur\u011fulayan bu fikir Az\u0259rbaycan Respublikas\u0131 Konstitusiyas\u0131nda h\u00fcquqi t\u0259sbitini tap\u0131b.<\/p>\n<p>Az\u0259rbaycan Respublikas\u0131 qanunvericiliyinin h\u00fcquqi bazas\u0131 rolunu oynayan Ko<\/p>\n<p>nstitusiyam\u0131z\u0131n q\u0259bul edilm\u0259sinin 30-cu v\u0259 V\u0259t\u0259n m\u00fcharib\u0259sind\u0259 q\u0259l\u0259b\u0259mizin 5-ci ild\u00f6n\u00fcm\u00fcn\u00fc n\u0259z\u0259r\u0259 alaraq Az\u0259rbaycan Respublikas\u0131 Prezidenti \u0130lham \u018fliyevin S\u0259r\u0259ncam\u0131 il\u0259 Az\u0259rbaycan Respublikas\u0131nda 2025-ci il \u201cKonstitusiya v\u0259 Suverenlik \u0130li\u201d elan edilib. Bu S\u0259r\u0259ncam \u00f6lk\u0259nin m\u00fcst\u0259qilliyi v\u0259 suverenliyinin qorunmas\u0131n\u0131n, habel\u0259 Konstitusiyan\u0131n t\u0259tbiqinin vacibliyini vur\u011fulayan m\u00fch\u00fcm bir add\u0131md\u0131r. \u00c7\u00fcnki Konstitusiya Az\u0259rbaycan\u0131n suverenliyinin t\u0259min olunmas\u0131nda \u0259sas h\u00fcquqi bazad\u0131r, dilind\u0259n, dinind\u0259n, etnik m\u0259nsubiyy\u0259tind\u0259n as\u0131l\u0131 olmayaraq h\u0259r bir Az\u0259rbaycan v\u0259t\u0259nda\u015f\u0131n\u0131n h\u00fcquq v\u0259 azadl\u0131qlar\u0131n\u0131n t\u0259min edilm\u0259sinin t\u0259m\u0259lidir. Bu g\u00fcn Az\u0259rbaycan Respublikas\u0131 xalq\u0131m\u0131z\u0131n milli maraqlar\u0131n\u0131 r\u0259hb\u0259r tutaraq, yeni reall\u0131qlar \u015f\u0259raitind\u0259 m\u00fcst\u0259qil siyas\u0259tini daha c\u0259sar\u0259tl\u0259, prinsipiall\u0131qla davam etdirir, Konstitusiyan\u0131n t\u0259l\u0259bl\u0259rin\u0259 v\u0259 \u00f6z suveren h\u00fcquqlar\u0131na \u0259saslanaraq, qar\u015f\u0131da duran strateji h\u0259d\u0259fl\u0259r\u0259 do\u011fru inamla ir\u0259lil\u0259yir.<\/p>\n<p><strong>R\u0259van H\u0259s\u0259nov,<\/strong><\/p>\n<p><strong>Bak\u0131 Beyn\u0259lxalq Multikulturalizm M\u0259rk\u0259zinin icra\u00e7\u0131 direktoru<\/strong><\/p>\n<p><strong><em>yeniazerbaycan.com<\/em><\/strong><\/p>\n","protected":false},"excerpt":{"rendered":"<p>Konstitusiya etno-m\u0259d\u0259ni m\u00fcxt\u0259lifliyin qarant\u0131 kimi Etnom\u0259d\u0259ni m\u00fcxt\u0259liflik c\u0259miyy\u0259tin sosial, m\u0259d\u0259ni v\u0259 iqtisadi strukturunu formala\u015fd\u0131ran \u0259sas amill\u0259rd\u0259ndir. Bu m\u00fcxt\u0259liflik, h\u0259r bir d\u00f6vl\u0259tin tarixind\u0259n, co\u011frafiyas\u0131ndan, d\u00f6vl\u0259t qurulu\u015fundan, daxili v\u0259 xarici siyas\u0259tind\u0259n qaynaqlan\u0131r. Az\u0259rbaycan \u00e7oxsayl\u0131 etnik v\u0259 dini qruplar\u0131n bir arada ya\u015fad\u0131\u011f\u0131 \u00e7oxm\u0259d\u0259niyy\u0259tli bir \u00f6lk\u0259 olaraq, etnom\u0259d\u0259ni m\u00fcxt\u0259lifliyi \u00f6z\u00fcn\u00fcn z\u0259ngin sosial bazas\u0131n\u0131n \u0259sas hiss\u0259si hesab edir. Az\u0259rbaycan c\u0259miyy\u0259tinin [&hellip;]<\/p>\n","protected":false},"author":2,"featured_media":8271,"comment_status":"closed","ping_status":"closed","sticky":false,"template":"","format":"image","meta":{"footnotes":""},"categories":[75,34],"tags":[],"class_list":["post-8270","post","type-post","status-publish","format-image","has-post-thumbnail","hentry","category-multikulturalizm","category-ziyalilarimiz","post_format-post-format-image"],"translation":{"provider":"WPGlobus","version":"3.0.2","language":"az","enabled_languages":["tl","az"],"languages":{"tl":{"title":true,"content":true,"excerpt":false},"az":{"title":false,"content":false,"excerpt":false}}},"_links":{"self":[{"href":"https:\/\/dodoqezeti.az\/az\/wp-json\/wp\/v2\/posts\/8270","targetHints":{"allow":["GET"]}}],"collection":[{"href":"https:\/\/dodoqezeti.az\/az\/wp-json\/wp\/v2\/posts"}],"about":[{"href":"https:\/\/dodoqezeti.az\/az\/wp-json\/wp\/v2\/types\/post"}],"author":[{"embeddable":true,"href":"https:\/\/dodoqezeti.az\/az\/wp-json\/wp\/v2\/users\/2"}],"replies":[{"embeddable":true,"href":"https:\/\/dodoqezeti.az\/az\/wp-json\/wp\/v2\/comments?post=8270"}],"version-history":[{"count":5,"href":"https:\/\/dodoqezeti.az\/az\/wp-json\/wp\/v2\/posts\/8270\/revisions"}],"predecessor-version":[{"id":8283,"href":"https:\/\/dodoqezeti.az\/az\/wp-json\/wp\/v2\/posts\/8270\/revisions\/8283"}],"wp:featuredmedia":[{"embeddable":true,"href":"https:\/\/dodoqezeti.az\/az\/wp-json\/wp\/v2\/media\/8271"}],"wp:attachment":[{"href":"https:\/\/dodoqezeti.az\/az\/wp-json\/wp\/v2\/media?parent=8270"}],"wp:term":[{"taxonomy":"category","embeddable":true,"href":"https:\/\/dodoqezeti.az\/az\/wp-json\/wp\/v2\/categories?post=8270"},{"taxonomy":"post_tag","embeddable":true,"href":"https:\/\/dodoqezeti.az\/az\/wp-json\/wp\/v2\/tags?post=8270"}],"curies":[{"name":"wp","href":"https:\/\/api.w.org\/{rel}","templated":true}]}}