{"id":8286,"date":"2025-02-21T16:32:36","date_gmt":"2025-02-21T12:32:36","guid":{"rendered":"https:\/\/dodoqezeti.az\/?p=8286"},"modified":"2025-02-21T23:51:22","modified_gmt":"2025-02-21T19:51:22","slug":"21-fevral-beynelxalq-ana-dili-gunu","status":"publish","type":"post","link":"https:\/\/dodoqezeti.az\/az\/2025\/02\/21\/21-fevral-beynelxalq-ana-dili-gunu\/","title":{"rendered":"21 FEVRAL BEYN\u018fLXALQ ANA D\u0130L\u0130 G\u00dcN\u00dc"},"content":{"rendered":"<p><b><img decoding=\"async\" class=\"wp-image-8288 alignright lazyload\" data-src=\"https:\/\/dodoqezeti.az\/wp-content\/uploads\/2025\/02\/371780921_10228715299882803_8994206730491390793_n-205x300.jpg\" alt=\"\" width=\"140\" height=\"205\" data-srcset=\"https:\/\/dodoqezeti.az\/wp-content\/uploads\/2025\/02\/371780921_10228715299882803_8994206730491390793_n-205x300.jpg 205w, https:\/\/dodoqezeti.az\/wp-content\/uploads\/2025\/02\/371780921_10228715299882803_8994206730491390793_n.jpg 512w\" data-sizes=\"(max-width: 140px) 100vw, 140px\" src=\"data:image\/svg+xml;base64,PHN2ZyB3aWR0aD0iMSIgaGVpZ2h0PSIxIiB4bWxucz0iaHR0cDovL3d3dy53My5vcmcvMjAwMC9zdmciPjwvc3ZnPg==\" style=\"--smush-placeholder-width: 140px; --smush-placeholder-aspect-ratio: 140\/205;\" \/><\/b><img decoding=\"async\" class=\"alignnone wp-image-8287 alignleft lazyload\" data-src=\"https:\/\/dodoqezeti.az\/wp-content\/uploads\/2025\/02\/1699262567_img-20231023-wa0030-217x300.jpg\" alt=\"\" width=\"143\" height=\"198\" data-srcset=\"https:\/\/dodoqezeti.az\/wp-content\/uploads\/2025\/02\/1699262567_img-20231023-wa0030-217x300.jpg 217w, https:\/\/dodoqezeti.az\/wp-content\/uploads\/2025\/02\/1699262567_img-20231023-wa0030.jpg 326w\" data-sizes=\"(max-width: 143px) 100vw, 143px\" src=\"data:image\/svg+xml;base64,PHN2ZyB3aWR0aD0iMSIgaGVpZ2h0PSIxIiB4bWxucz0iaHR0cDovL3d3dy53My5vcmcvMjAwMC9zdmciPjwvc3ZnPg==\" style=\"--smush-placeholder-width: 143px; --smush-placeholder-aspect-ratio: 143\/198;\" \/><\/p>\n<p style=\"text-align: left;\"><b>\u00a0Xal\u00adq\u0131 xalq ed\u0259n, mil\u00adl\u0259\u00adti mil\u00adl\u0259t ed\u0259n onun ana di\u00adli\u00addir.<\/b><\/p>\n<p style=\"text-align: left;\"><b>-Mil\u00adl\u0259\u00adtin mil\u00adli\u00adli\u00adyi\u00adni \u0259n bi\u00adrin\u00adci t\u0259s\u00addiq ed\u0259n onun di\u00adli\u00addir.<\/b><\/p>\n<p style=\"text-align: left;\"><b>-M\u0259\u00add\u0259\u00adniy\u00ady\u0259t v\u0259 dil q\u0259\u00add\u0259r in\u00adsa\u00adn\u0131n mil\u00adl\u0259\u00adti\u00adni ucal\u00addan \u015fey yox\u00addur.\u00a0<\/b><\/p>\n<p style=\"text-align: left;\"><b>\u0130ki \u015fey in\u00adsa\u00adn\u0131n mil\u00adli\u00adli\u00adyi\u00adni, mil\u00adl\u0259\u00adti\u00adni ucal\u00add\u0131r. <\/b><\/p>\n<p style=\"text-align: left;\"><b>Onun bi\u00adri di\u00adli\u00addir, ikin\u00adci\u00adsi m\u0259\u00add\u0259\u00adniy\u00ady\u0259\u00adti\u00addir.<\/b><\/p>\n<p style=\"text-align: left;\"><em><strong>\u00a0 \u00a0 \u00a0 \u00a0 \u00a0 \u00a0 \u00a0 \u00a0 \u00a0 \u00a0 \u00a0 \u00a0 \u00a0 \u00a0 \u00a0 \u00a0 \u00a0 \u00a0 \u00a0 \u00a0 \u00a0 \u00a0 \u00a0 \u00a0 \u00a0 \u00a0 \u00a0 \u00a0 H.\u018fliyev<\/strong><\/em><\/p>\n<p>\u00a0 \u00a0 B\u0259li \u0130ki \u015fey in\u00adsa\u00adn\u0131n mil\u00adli\u00adli\u00adyi\u00adni, mil\u00adl\u0259\u00adti\u00adni ucal\u00add\u0131r.\u00a0 Bu onun m\u0259nsub oldu\u011fu mill\u0259tinin dili v\u0259 m\u0259\u00add\u0259\u00adniy\u00ady\u0259\u00adti\u00addir. D\u00fcnyada 7105 dil m\u00f6vcuddr. M\u0259hz bunlardan 2303 dil geni\u015f istifad\u0259 olunur. Qalan dill\u0259r is\u0259 az aktivdir.\u00a0 Bu 7105 dil qrupunu bir xal\u00e7aya b\u0259nz\u0259tm\u0259k ist\u0259rdim. H\u0259r dil bu xal\u00e7an\u0131n bir ilm\u0259si olanda nax\u0131\u015flar \u00e7ox g\u00f6z\u0259l v\u0259 al-\u0259lvan g\u00f6r\u00fcn\u00fcr. \u018fg\u0259r xal\u00e7adan bir ilm\u0259 it\u0259rs\u0259 \u00e7ox t\u0259\u0259ss\u00fcf ki, xal\u00e7an\u0131n b\u00fct\u00fcn g\u00f6z\u0259lliyi itir&#8230;<\/p>\n<p>Ana yurdumuz Az\u0259rbaycanda ya\u015fayan xalqlar sovetl\u0259r birliyi da\u011f\u0131landan sonra az da olsa b\u0259zi nailiyy\u0259tl\u0259r\u0259 nail olub. O, xalqlardan biri d\u0259 m\u0259nsub oldu\u011fum tal\u0131\u015f xalq\u0131d\u0131r. Bu g\u00fcn Beyn\u0259lxalq Ana Dili g\u00fcn\u00fcd\u00fcr. Ham\u0131n\u0131z\u0131 t\u0259brik edirik. Son ill\u0259r gec d\u0259 olsa \u00e7ox i\u015fl\u0259r g\u00f6r\u0259 bilmi\u015fik. Elm v\u0259 T\u0259hsil Nazirliyi t\u0259r\u0259find\u0259n tal\u0131\u015f dilind\u0259 orta m\u0259kt\u0259b kitablar\u0131 tal\u0131\u015flar\u0131n kompakt ya\u015fad\u0131\u011f\u0131 L\u0259nk\u0259ran, Masall\u0131, Astara v\u0259 Lerik rayonlar\u0131n\u0131n\u00a0 k\u0259ndl\u0259rind\u0259ki m\u0259kt\u0259bl\u0259rd\u0259 paylan\u0131l\u0131b. \u00c7ox t\u0259\u0259ss\u00fcf ki, metodika kitab\u0131 n\u0259\u015fr olmad\u0131\u011f\u0131ndan m\u00fc\u0259lliml\u0259r\u0259 d\u0259rs kie\u00e7ilm\u0259si \u00fc\u00e7\u00fcn s\u00f6z\u00fc ged\u0259n metodik\u0259 kitablar\u0131 verilm\u0259yib.<\/p>\n<p>Buna da \u015f\u00fck\u00fcr edirik ki, sayt\u0131m\u0131z el\u0259 bu fevral ay\u0131n\u0131n 12-d\u0259n yenid\u0259n i\u015fin\u0259 ba\u015flay\u0131b.\u00a0 www.dodoqezeti.az sayt\u0131\u00a0 &#8220;DODO&#8221; q\u0259zetind\u0259n bir ay \u00f6nc\u0259 y\u0259ni 2017-ci ilin may ay\u0131ndan f\u0259aliyy\u0259tin\u0259 ba\u015flam\u0131\u015fd\u0131r. Sayt maliyy\u0259 \u00e7\u0259tinlikl\u0259rin\u0259 g\u00f6r\u0259 f\u0259aliyy\u0259tini dayand\u0131rm\u0131\u015fd\u0131. \u00c7ox sa\u011f ol deyirik \u0130T-il\u0259 m\u0259\u015f\u011ful olan qarda\u015flar da sayt problemimizi bu yolla \u00f6zl\u0259ri h\u0259ll etdil\u0259r. &#8220;DODO&#8221; q\u0259zeti is\u0259 bu il art\u0131q 8 ildir ki \u00f6z hesab\u0131m\u0131za n\u0259\u015fr edilir.<\/p>\n<p>Bu son on il \u0259rzind\u0259 b\u0259lk\u0259d\u0259 100-d\u0259n art\u0131q tal\u0131\u015f dilind\u0259 kitablar yazarlar t\u0259r\u0259find\u0259n n\u0259\u015fr edilib v\u0259 oxuculara paylan\u0131l\u0131b. EXPO-da h\u0259r ke\u00e7iril\u0259n s\u0259rgiy\u0259 d\u0259v\u0259timiz \u00fc\u00e7\u00fcn M\u0259d\u0259niyy\u0259t Nazirliyin\u0259\u00a0 \u00f6z t\u0259\u015f\u0259kk\u00fcr\u00fcm\u00fcz\u00fc bildiririk. H\u0259r il Beyn\u0259lxalq Kitab s\u0259rgisind\u0259 &#8220;DODO&#8221; stendi d\u0259 i\u015ftirak edir v\u0259 tal\u0131\u015f dilind\u0259 kitablar\u0131m\u0131z\u0131 s\u0259rgid\u0259 n\u00fcmayi\u015f etdir\u0259 bilirik.<\/p>\n<p>Bir daha ham\u0131n\u0131z\u0131 21 fevral Beyn\u0259lxalq Ana dili g\u00fcn\u00fc m\u00fcnasib\u0259ti il\u0259 &#8220;Dodo&#8221; redaksiyas\u0131 ad\u0131ndan t\u0259brik edirik. \u00dcmid edirik ki, qalan probleml\u0259r d\u0259 bu il \u00f6z h\u0259llini tapacaq. H\u0259m q\u0259zetin, h\u0259m d\u0259 sayt\u0131n Mediya Agentliyi t\u0259r\u0259find\u0259n b\u00fct\u00fcn x\u0259rcl\u0259rin\u0259 d\u0259st\u0259k olunacaq.<\/p>\n<p style=\"text-align: left;\">\n","protected":false},"excerpt":{"rendered":"<p>\u00a0Xal\u00adq\u0131 xalq ed\u0259n, mil\u00adl\u0259\u00adti mil\u00adl\u0259t ed\u0259n onun ana di\u00adli\u00addir. -Mil\u00adl\u0259\u00adtin mil\u00adli\u00adli\u00adyi\u00adni \u0259n bi\u00adrin\u00adci t\u0259s\u00addiq ed\u0259n onun di\u00adli\u00addir. -M\u0259\u00add\u0259\u00adniy\u00ady\u0259t v\u0259 dil q\u0259\u00add\u0259r in\u00adsa\u00adn\u0131n mil\u00adl\u0259\u00adti\u00adni ucal\u00addan \u015fey yox\u00addur.\u00a0 \u0130ki \u015fey in\u00adsa\u00adn\u0131n mil\u00adli\u00adli\u00adyi\u00adni, mil\u00adl\u0259\u00adti\u00adni ucal\u00add\u0131r. Onun bi\u00adri di\u00adli\u00addir, ikin\u00adci\u00adsi m\u0259\u00add\u0259\u00adniy\u00ady\u0259\u00adti\u00addir. \u00a0 \u00a0 \u00a0 \u00a0 \u00a0 \u00a0 \u00a0 \u00a0 \u00a0 \u00a0 \u00a0 \u00a0 \u00a0 \u00a0 \u00a0 \u00a0 \u00a0 \u00a0 [&hellip;]<\/p>\n","protected":false},"author":2,"featured_media":8294,"comment_status":"closed","ping_status":"closed","sticky":false,"template":"","format":"standard","meta":{"footnotes":""},"categories":[39,44,41,75],"tags":[],"class_list":["post-8286","post","type-post","status-publish","format-standard","has-post-thumbnail","hentry","category-dil","category-dbiyyat","category-kitablar","category-multikulturalizm"],"translation":{"provider":"WPGlobus","version":"3.0.2","language":"az","enabled_languages":["tl","az"],"languages":{"tl":{"title":true,"content":true,"excerpt":false},"az":{"title":false,"content":false,"excerpt":false}}},"_links":{"self":[{"href":"https:\/\/dodoqezeti.az\/az\/wp-json\/wp\/v2\/posts\/8286","targetHints":{"allow":["GET"]}}],"collection":[{"href":"https:\/\/dodoqezeti.az\/az\/wp-json\/wp\/v2\/posts"}],"about":[{"href":"https:\/\/dodoqezeti.az\/az\/wp-json\/wp\/v2\/types\/post"}],"author":[{"embeddable":true,"href":"https:\/\/dodoqezeti.az\/az\/wp-json\/wp\/v2\/users\/2"}],"replies":[{"embeddable":true,"href":"https:\/\/dodoqezeti.az\/az\/wp-json\/wp\/v2\/comments?post=8286"}],"version-history":[{"count":6,"href":"https:\/\/dodoqezeti.az\/az\/wp-json\/wp\/v2\/posts\/8286\/revisions"}],"predecessor-version":[{"id":8301,"href":"https:\/\/dodoqezeti.az\/az\/wp-json\/wp\/v2\/posts\/8286\/revisions\/8301"}],"wp:featuredmedia":[{"embeddable":true,"href":"https:\/\/dodoqezeti.az\/az\/wp-json\/wp\/v2\/media\/8294"}],"wp:attachment":[{"href":"https:\/\/dodoqezeti.az\/az\/wp-json\/wp\/v2\/media?parent=8286"}],"wp:term":[{"taxonomy":"category","embeddable":true,"href":"https:\/\/dodoqezeti.az\/az\/wp-json\/wp\/v2\/categories?post=8286"},{"taxonomy":"post_tag","embeddable":true,"href":"https:\/\/dodoqezeti.az\/az\/wp-json\/wp\/v2\/tags?post=8286"}],"curies":[{"name":"wp","href":"https:\/\/api.w.org\/{rel}","templated":true}]}}