{"id":8494,"date":"2025-04-22T01:39:22","date_gmt":"2025-04-21T21:39:22","guid":{"rendered":"https:\/\/dodoqezeti.az\/?p=8494"},"modified":"2025-04-24T13:11:47","modified_gmt":"2025-04-24T09:11:47","slug":"onun-muq%c9%99dd%c9%99sliyi-papa-fransiskonun-v%c9%99fati-il%c9%99-bagli-bassagligi","status":"publish","type":"post","link":"https:\/\/dodoqezeti.az\/az\/2025\/04\/22\/onun-muq%c9%99dd%c9%99sliyi-papa-fransiskonun-v%c9%99fati-il%c9%99-bagli-bassagligi\/","title":{"rendered":"Onun M\u00fcq\u0259dd\u0259sliyi Papa Fransiskonun v\u0259fat\u0131 il\u0259 ba\u011fl\u0131 ba\u015fsa\u011fl\u0131\u011f\u0131"},"content":{"rendered":"<p><img decoding=\"async\" class=\"size-medium wp-image-8496 alignleft lazyload\" data-src=\"https:\/\/dodoqezeti.az\/wp-content\/uploads\/2025\/04\/francesco-300x300.png\" alt=\"\" width=\"300\" height=\"300\" data-srcset=\"https:\/\/dodoqezeti.az\/wp-content\/uploads\/2025\/04\/francesco-300x300.png 300w, https:\/\/dodoqezeti.az\/wp-content\/uploads\/2025\/04\/francesco-150x150.png 150w, https:\/\/dodoqezeti.az\/wp-content\/uploads\/2025\/04\/francesco.png 350w\" data-sizes=\"(max-width: 300px) 100vw, 300px\" src=\"data:image\/svg+xml;base64,PHN2ZyB3aWR0aD0iMSIgaGVpZ2h0PSIxIiB4bWxucz0iaHR0cDovL3d3dy53My5vcmcvMjAwMC9zdmciPjwvc3ZnPg==\" style=\"--smush-placeholder-width: 300px; --smush-placeholder-aspect-ratio: 300\/300;\" \/><\/p>\n<p>&nbsp;<\/p>\n<p>Roma-Katolik Kils\u0259sinin ruhani lideri, Onun M\u00fcq\u0259dd\u0259sliyi Papa Fransisko h\u0259yat\u0131n\u0131 itirdi. Bu a\u011f\u0131r v\u0259 k\u0259d\u0259rli x\u0259b\u0259r d\u00fcnya boyunca milyonlarla insan\u0131n q\u0259lbind\u0259 iz sald\u0131. &#8220;DODO&#8221; q\u0259zetinin redaksiyas\u0131 olaraq, bu d\u0259rin itki m\u00fcnasib\u0259til\u0259 Roma-Katolik Kils\u0259sin\u0259, ruhani t\u0259b\u0259q\u0259sin\u0259 v\u0259 imanl\u0131lara ba\u015fsa\u011fl\u0131\u011f\u0131 veririk.<\/p>\n<p>Papa Fransisk xristian d\u00fcnyas\u0131n\u0131n yaln\u0131z lideri deyildi \u2014 o, b\u0259\u015f\u0259riyy\u0259tin ruhani vicdan\u0131, m\u0259rh\u0259m\u0259t, sevgi v\u0259 \u0259dal\u0259t r\u0259mzi idi. Onun s\u0259si h\u0259mi\u015f\u0259 kas\u0131blar\u0131n, m\u0259zlumlar\u0131n, m\u00fchacirl\u0259rin v\u0259 s\u00fclh axtaranlar\u0131n yan\u0131nda oldu. O, inancdan do\u011fan insanl\u0131q d\u0259y\u0259rl\u0259rini d\u00fcnyaya t\u0259lqin ed\u0259r\u0259k, dinl\u0259raras\u0131 dialoq v\u0259 tolerantl\u0131\u011f\u0131n \u0259n g\u00fccl\u00fc t\u0259r\u0259fdarlar\u0131ndan biri idi.<\/p>\n<p>Onun pontifikat\u0131 d\u00f6vr\u00fcnd\u0259 Vatikan\u0131n siyas\u0259ti daha a\u00e7\u0131q, daha \u015f\u0259ffaf v\u0259 daha insanm\u0259rk\u0259zli olub. \u018ftraf m\u00fchitin qorunmas\u0131, sosial \u0259dal\u0259t, yoxsullu\u011fun azald\u0131lmas\u0131, m\u00fcnaqi\u015f\u0259l\u0259rin qar\u015f\u0131s\u0131n\u0131n al\u0131nmas\u0131 kimi qlobal m\u0259s\u0259l\u0259l\u0259r\u0259 verdiyi t\u00f6hf\u0259l\u0259r unudulmayacaq.<\/p>\n<p>Bug\u00fcn Papa Fransiskin ruhuna dualar ed\u0259r\u0259k, R\u0259bbd\u0259n b\u00fct\u00fcn k\u0259d\u0259rl\u0259n\u0259nl\u0259r\u0259 t\u0259s\u0259lli dil\u0259yirik. Onun irsi, \u00e7a\u011f\u0131r\u0131\u015flar\u0131 v\u0259 n\u00fcmun\u0259vi h\u0259yat\u0131 d\u00fcnya xalqlar\u0131n\u0131n yadda\u015f\u0131nda ya\u015fayacaq.<\/p>\n<p><strong>R\u0259hm\u0259t v\u0259 r\u0259hm\u0259t i\u00e7ind\u0259 uyusun.<\/strong><br \/>\n<strong>D\u0259rin h\u00f6rm\u0259tl\u0259,<\/strong><br \/>\n<strong>\u2018DODO\u2019 redaksiya hey\u0259ti ad\u0131na,<\/strong><br \/>\n<strong>Ba\u015f redaktor: \u0130rad\u0259 M\u0259likova<\/strong><\/p>\n","protected":false},"excerpt":{"rendered":"<p>&nbsp; Roma-Katolik Kils\u0259sinin ruhani lideri, Onun M\u00fcq\u0259dd\u0259sliyi Papa Fransisko h\u0259yat\u0131n\u0131 itirdi. Bu a\u011f\u0131r v\u0259 k\u0259d\u0259rli x\u0259b\u0259r d\u00fcnya boyunca milyonlarla insan\u0131n q\u0259lbind\u0259 iz sald\u0131. &#8220;DODO&#8221; q\u0259zetinin redaksiyas\u0131 olaraq, bu d\u0259rin itki m\u00fcnasib\u0259til\u0259 Roma-Katolik Kils\u0259sin\u0259, ruhani t\u0259b\u0259q\u0259sin\u0259 v\u0259 imanl\u0131lara ba\u015fsa\u011fl\u0131\u011f\u0131 veririk. Papa Fransisk xristian d\u00fcnyas\u0131n\u0131n yaln\u0131z lideri deyildi \u2014 o, b\u0259\u015f\u0259riyy\u0259tin ruhani vicdan\u0131, m\u0259rh\u0259m\u0259t, sevgi v\u0259 \u0259dal\u0259t [&hellip;]<\/p>\n","protected":false},"author":2,"featured_media":8501,"comment_status":"closed","ping_status":"closed","sticky":false,"template":"","format":"standard","meta":{"footnotes":""},"categories":[75,66,68,34],"tags":[],"class_list":["post-8494","post","type-post","status-publish","format-standard","has-post-thumbnail","hentry","category-multikulturalizm","category-olk","category-siyast","category-ziyalilarimiz"],"translation":{"provider":"WPGlobus","version":"3.0.2","language":"az","enabled_languages":["tl","az"],"languages":{"tl":{"title":true,"content":true,"excerpt":false},"az":{"title":false,"content":false,"excerpt":false}}},"_links":{"self":[{"href":"https:\/\/dodoqezeti.az\/az\/wp-json\/wp\/v2\/posts\/8494","targetHints":{"allow":["GET"]}}],"collection":[{"href":"https:\/\/dodoqezeti.az\/az\/wp-json\/wp\/v2\/posts"}],"about":[{"href":"https:\/\/dodoqezeti.az\/az\/wp-json\/wp\/v2\/types\/post"}],"author":[{"embeddable":true,"href":"https:\/\/dodoqezeti.az\/az\/wp-json\/wp\/v2\/users\/2"}],"replies":[{"embeddable":true,"href":"https:\/\/dodoqezeti.az\/az\/wp-json\/wp\/v2\/comments?post=8494"}],"version-history":[{"count":7,"href":"https:\/\/dodoqezeti.az\/az\/wp-json\/wp\/v2\/posts\/8494\/revisions"}],"predecessor-version":[{"id":8504,"href":"https:\/\/dodoqezeti.az\/az\/wp-json\/wp\/v2\/posts\/8494\/revisions\/8504"}],"wp:featuredmedia":[{"embeddable":true,"href":"https:\/\/dodoqezeti.az\/az\/wp-json\/wp\/v2\/media\/8501"}],"wp:attachment":[{"href":"https:\/\/dodoqezeti.az\/az\/wp-json\/wp\/v2\/media?parent=8494"}],"wp:term":[{"taxonomy":"category","embeddable":true,"href":"https:\/\/dodoqezeti.az\/az\/wp-json\/wp\/v2\/categories?post=8494"},{"taxonomy":"post_tag","embeddable":true,"href":"https:\/\/dodoqezeti.az\/az\/wp-json\/wp\/v2\/tags?post=8494"}],"curies":[{"name":"wp","href":"https:\/\/api.w.org\/{rel}","templated":true}]}}