{"id":8916,"date":"2026-01-25T18:51:55","date_gmt":"2026-01-25T14:51:55","guid":{"rendered":"https:\/\/dodoqezeti.az\/?p=8916"},"modified":"2026-01-25T19:12:13","modified_gmt":"2026-01-25T15:12:13","slug":"vasif-qafarov-mill%c9%99tin-xidm%c9%99tind%c9%99-tarixin-izind%c9%99","status":"publish","type":"post","link":"https:\/\/dodoqezeti.az\/az\/2026\/01\/25\/vasif-qafarov-mill%c9%99tin-xidm%c9%99tind%c9%99-tarixin-izind%c9%99\/","title":{"rendered":"Vasif Qafarov:  Mill\u0259tin xidm\u0259tind\u0259, tarixin izind\u0259:"},"content":{"rendered":"<p><img decoding=\"async\" class=\"alignnone wp-image-8917 lazyload\" data-src=\"https:\/\/dodoqezeti.az\/wp-content\/uploads\/2026\/01\/594323181_1922251815315200_4862209660406703653_n-226x300.jpg\" alt=\"\" width=\"192\" height=\"255\" data-srcset=\"https:\/\/dodoqezeti.az\/wp-content\/uploads\/2026\/01\/594323181_1922251815315200_4862209660406703653_n-226x300.jpg 226w, https:\/\/dodoqezeti.az\/wp-content\/uploads\/2026\/01\/594323181_1922251815315200_4862209660406703653_n-771x1024.jpg 771w, https:\/\/dodoqezeti.az\/wp-content\/uploads\/2026\/01\/594323181_1922251815315200_4862209660406703653_n-768x1020.jpg 768w, https:\/\/dodoqezeti.az\/wp-content\/uploads\/2026\/01\/594323181_1922251815315200_4862209660406703653_n-1157x1536.jpg 1157w, https:\/\/dodoqezeti.az\/wp-content\/uploads\/2026\/01\/594323181_1922251815315200_4862209660406703653_n.jpg 1542w\" data-sizes=\"(max-width: 192px) 100vw, 192px\" src=\"data:image\/svg+xml;base64,PHN2ZyB3aWR0aD0iMSIgaGVpZ2h0PSIxIiB4bWxucz0iaHR0cDovL3d3dy53My5vcmcvMjAwMC9zdmciPjwvc3ZnPg==\" style=\"--smush-placeholder-width: 192px; --smush-placeholder-aspect-ratio: 192\/255;\" \/> <img decoding=\"async\" class=\"alignnone wp-image-8918 lazyload\" data-src=\"https:\/\/dodoqezeti.az\/wp-content\/uploads\/2026\/01\/592836334_1922251865315195_3040684849185791659_n-300x225.jpg\" alt=\"\" width=\"292\" height=\"219\" data-srcset=\"https:\/\/dodoqezeti.az\/wp-content\/uploads\/2026\/01\/592836334_1922251865315195_3040684849185791659_n-300x225.jpg 300w, https:\/\/dodoqezeti.az\/wp-content\/uploads\/2026\/01\/592836334_1922251865315195_3040684849185791659_n-1024x768.jpg 1024w, https:\/\/dodoqezeti.az\/wp-content\/uploads\/2026\/01\/592836334_1922251865315195_3040684849185791659_n-768x576.jpg 768w, https:\/\/dodoqezeti.az\/wp-content\/uploads\/2026\/01\/592836334_1922251865315195_3040684849185791659_n.jpg 1280w\" data-sizes=\"(max-width: 292px) 100vw, 292px\" src=\"data:image\/svg+xml;base64,PHN2ZyB3aWR0aD0iMSIgaGVpZ2h0PSIxIiB4bWxucz0iaHR0cDovL3d3dy53My5vcmcvMjAwMC9zdmciPjwvc3ZnPg==\" style=\"--smush-placeholder-width: 292px; --smush-placeholder-aspect-ratio: 292\/219;\" \/> <img decoding=\"async\" class=\"alignnone size-medium wp-image-8919 lazyload\" data-src=\"https:\/\/dodoqezeti.az\/wp-content\/uploads\/2026\/01\/591823020_1919884118885303_8422902866758734826_n-300x225.jpg\" alt=\"\" width=\"300\" height=\"225\" data-srcset=\"https:\/\/dodoqezeti.az\/wp-content\/uploads\/2026\/01\/591823020_1919884118885303_8422902866758734826_n-300x225.jpg 300w, https:\/\/dodoqezeti.az\/wp-content\/uploads\/2026\/01\/591823020_1919884118885303_8422902866758734826_n-1024x768.jpg 1024w, https:\/\/dodoqezeti.az\/wp-content\/uploads\/2026\/01\/591823020_1919884118885303_8422902866758734826_n-768x576.jpg 768w, https:\/\/dodoqezeti.az\/wp-content\/uploads\/2026\/01\/591823020_1919884118885303_8422902866758734826_n-1536x1152.jpg 1536w, https:\/\/dodoqezeti.az\/wp-content\/uploads\/2026\/01\/591823020_1919884118885303_8422902866758734826_n.jpg 1600w\" data-sizes=\"(max-width: 300px) 100vw, 300px\" src=\"data:image\/svg+xml;base64,PHN2ZyB3aWR0aD0iMSIgaGVpZ2h0PSIxIiB4bWxucz0iaHR0cDovL3d3dy53My5vcmcvMjAwMC9zdmciPjwvc3ZnPg==\" style=\"--smush-placeholder-width: 300px; --smush-placeholder-aspect-ratio: 300\/225;\" \/><\/p>\n<p>\u201cTarix yazanlar var, bir d\u0259 tarixi ya\u015fayanlar\u2026\u201d<\/p>\n<p>Bu g\u00fcn Az\u0259rbaycan elmi v\u0259 ictimai-siyasi m\u00fchitind\u0259 \u00f6z d\u0259st-x\u0259tti il\u0259 se\u00e7il\u0259n, tariximizin m\u00fcr\u0259kk\u0259b v\u0259 a\u011fr\u0131l\u0131 s\u0259hif\u0259l\u0259rin\u0259 elmi d\u00fcr\u00fcstl\u00fckl\u0259 i\u015f\u0131q tutan d\u0259y\u0259rli ziyal\u0131, tarix elml\u0259ri doktoru, VII \u00e7a\u011f\u0131r\u0131\u015f Az\u0259rbaycan Respublikas\u0131 Milli M\u0259clisinin deputat\u0131 Vasif Vaqif o\u011flu Qafarovun do\u011fum g\u00fcn\u00fcd\u00fcr.<\/p>\n<p>1982-ci il yanvar\u0131n 25-d\u0259 Lerik rayonunun C\u0259ng\u0259miran k\u0259ndind\u0259 ziyal\u0131 ail\u0259sind\u0259 d\u00fcnyaya g\u00f6z a\u00e7an Vasif Qafarovun h\u0259yat yolu elm\u0259 v\u0259 V\u0259t\u0259n\u0259 xidm\u0259t n\u00fcmun\u0259sidir. Orta t\u0259hsilini do\u011fma k\u0259ndind\u0259 ald\u0131qdan sonra Bak\u0131 D\u00f6vl\u0259t Universitetinin Tarix fak\u00fclt\u0259sin\u0259 daxil olmu\u015f, bakalavr v\u0259 magistratura pill\u0259l\u0259rini f\u0259rql\u0259nm\u0259 diplomlar\u0131 il\u0259 bitirmi\u015fdir.<\/p>\n<p>Onun elmi f\u0259aliyy\u0259ti \u0259sas\u0259n Az\u0259rbaycan\u0131n XIX\u2013XX \u0259srin \u0259vv\u0259ll\u0259ri tarixi, Birinci D\u00fcnya m\u00fcharib\u0259si ill\u0259rind\u0259 Osmanl\u0131\u2013Az\u0259rbaycan\u2013Rusiya m\u00fcnasib\u0259tl\u0259ri v\u0259 Az\u0259rbaycan xalq\u0131na qar\u015f\u0131 h\u0259yata ke\u00e7irilmi\u015f soyq\u0131r\u0131m\u0131 siyas\u0259tinin ara\u015fd\u0131r\u0131lmas\u0131 il\u0259 ba\u011fl\u0131d\u0131r. X\u00fcsusil\u0259 T\u00fcrkiy\u0259 v\u0259 dig\u0259r xarici arxivl\u0259rd\u0259n \u00fcz\u0259 \u00e7\u0131xard\u0131\u011f\u0131 s\u0259n\u0259dl\u0259r tariximizin saxtala\u015fd\u0131r\u0131lmas\u0131na qar\u015f\u0131 m\u00f6hk\u0259m elmi \u0259saslar yarad\u0131r.<\/p>\n<p>Bu g\u00fcn Vasif Qafarov AMEA Abbasqulu A\u011fa Bak\u0131xanov ad\u0131na Tarix v\u0259 Etnologiya \u0130nstitutunda ba\u015f elmi i\u015f\u00e7i, \u201cAz\u0259rbaycanl\u0131lara qar\u015f\u0131 soyq\u0131r\u0131m\u0131: tarixi v\u0259 konsepsiyas\u0131\u201d elmi qrupunun r\u0259hb\u0259ri kimi f\u0259aliyy\u0259t g\u00f6st\u0259rir. O, 12 kitab\u0131n v\u0259 100-d\u0259n art\u0131q elmi m\u0259qal\u0259nin m\u00fc\u0259llifi olmaqla yana\u015f\u0131, onlarla beyn\u0259lxalq elmi konfransda Az\u0259rbaycan<\/p>\n<p>2024-c\u00fc il sentyabr\u0131n 1-d\u0259 ke\u00e7iril\u0259n n\u00f6vb\u0259d\u0259nk\u0259nar parlament se\u00e7kil\u0259rind\u0259 80 sayl\u0131 Lerik\u2013Astara se\u00e7ki dair\u0259sind\u0259n deputat se\u00e7il\u0259n Vasif Qafarov, q\u0131sa m\u00fcdd\u0259td\u0259 se\u00e7icil\u0259rin etimad\u0131n\u0131 qazanm\u0131\u015fd\u0131r. Milli M\u0259clisin Regional m\u0259s\u0259l\u0259l\u0259r, h\u0259m\u00e7inin Elm v\u0259 t\u0259hsil komit\u0259l\u0259rinin \u00fczv\u00fc kimi o, parlament f\u0259aliyy\u0259tind\u0259 elmi \u0259saslara s\u00f6yk\u0259n\u0259n, m\u0259suliyy\u0259tli v\u0259 prinsipial m\u00f6vqeyi v\u0259 aktual t\u0259klifl\u0259ri il\u0259 se\u00e7ilir.<\/p>\n<p>Onun deputat f\u0259aliyy\u0259ti Lerik\u2013Astara b\u00f6lg\u0259sinin sosial-iqtisadi inki\u015faf\u0131, t\u0259hsil v\u0259 elm sah\u0259sind\u0259 probleml\u0259rin qald\u0131r\u0131lmas\u0131, \u015f\u0259hid ail\u0259l\u0259ri v\u0259 qazil\u0259rin sosial m\u00fcdafi\u0259si m\u0259s\u0259l\u0259l\u0259rini \u0259hat\u0259 edir. Vasif Qafarov \u00fc\u00e7\u00fcn deputat mandat\u0131 sad\u0259c\u0259 status deyil, xalq qar\u015f\u0131s\u0131nda da\u015f\u0131d\u0131\u011f\u0131 m\u0259suliyy\u0259tdir.<\/p>\n<p>Vasif Qafarovu tan\u0131yanlar onu yaln\u0131z alim v\u0259 deputat kimi deyil, h\u0259m d\u0259 t\u0259vaz\u00f6kar, milli d\u0259y\u0259rl\u0259r\u0259 ba\u011fl\u0131, prinsipial ziyal\u0131 kimi xarakteriz\u0259 edirl\u0259r. O, \u201c\u00d6nc\u0259 V\u0259t\u0259n\u201d d\u00fc\u015f\u00fcnc\u0259si il\u0259 h\u0259r\u0259k\u0259t ed\u0259r\u0259k, Az\u0259rbaycan\u0131n milli maraqlar\u0131n\u0131 h\u0259m elmi m\u00fcst\u0259vid\u0259, h\u0259m d\u0259 siyasi platformalarda q\u0259tiyy\u0259tl\u0259 m\u00fcdafi\u0259 edir.<\/p>\n<p>\u201cDodo\u201d q\u0259zetinin redaksiyas\u0131 olaraq h\u00f6rm\u0259tli Vasif Qafarovu do\u011fum g\u00fcn\u00fc m\u00fcnasib\u0259til\u0259 s\u0259mimi-q\u0259lbd\u0259n t\u0259brik edir, ona m\u00f6hk\u0259m cansa\u011fl\u0131\u011f\u0131, uzun \u00f6m\u00fcr, elmi v\u0259 siyasi f\u0259aliyy\u0259tind\u0259 yeni u\u011furlar, xalq\u0131m\u0131za xidm\u0259t yolunda daim y\u00fcks\u0259l\u0259n nailiyy\u0259tl\u0259r arzulay\u0131r\u0131q.<\/p>\n<p>https:\/\/www.facebook.com\/reel\/1057809726494310<\/p>\n<p>&nbsp;<\/p>\n<p>\u0130rad\u0259 M\u0259likova<br \/>\n&#8220;Dodo&#8221; q\u0259zetinin ba\u015f redaktoru<\/p>\n<p>&nbsp;<\/p>\n<p>&nbsp;<\/p>\n","protected":false},"excerpt":{"rendered":"<p>\u201cTarix yazanlar var, bir d\u0259 tarixi ya\u015fayanlar\u2026\u201d Bu g\u00fcn Az\u0259rbaycan elmi v\u0259 ictimai-siyasi m\u00fchitind\u0259 \u00f6z d\u0259st-x\u0259tti il\u0259 se\u00e7il\u0259n, tariximizin m\u00fcr\u0259kk\u0259b v\u0259 a\u011fr\u0131l\u0131 s\u0259hif\u0259l\u0259rin\u0259 elmi d\u00fcr\u00fcstl\u00fckl\u0259 i\u015f\u0131q tutan d\u0259y\u0259rli ziyal\u0131, tarix elml\u0259ri doktoru, VII \u00e7a\u011f\u0131r\u0131\u015f Az\u0259rbaycan Respublikas\u0131 Milli M\u0259clisinin deputat\u0131 Vasif Vaqif o\u011flu Qafarovun do\u011fum g\u00fcn\u00fcd\u00fcr. 1982-ci il yanvar\u0131n 25-d\u0259 Lerik rayonunun C\u0259ng\u0259miran k\u0259ndind\u0259 ziyal\u0131 ail\u0259sind\u0259 [&hellip;]<\/p>\n","protected":false},"author":2,"featured_media":8920,"comment_status":"closed","ping_status":"closed","sticky":false,"template":"","format":"standard","meta":{"footnotes":""},"categories":[48,75,28,26,34],"tags":[],"class_list":["post-8916","post","type-post","status-publish","format-standard","has-post-thumbnail","hentry","category-mdniyyt","category-multikulturalizm","category-tbrik","category-xbrlr","category-ziyalilarimiz"],"translation":{"provider":"WPGlobus","version":"3.0.2","language":"az","enabled_languages":["tl","az"],"languages":{"tl":{"title":true,"content":true,"excerpt":false},"az":{"title":false,"content":false,"excerpt":false}}},"_links":{"self":[{"href":"https:\/\/dodoqezeti.az\/az\/wp-json\/wp\/v2\/posts\/8916","targetHints":{"allow":["GET"]}}],"collection":[{"href":"https:\/\/dodoqezeti.az\/az\/wp-json\/wp\/v2\/posts"}],"about":[{"href":"https:\/\/dodoqezeti.az\/az\/wp-json\/wp\/v2\/types\/post"}],"author":[{"embeddable":true,"href":"https:\/\/dodoqezeti.az\/az\/wp-json\/wp\/v2\/users\/2"}],"replies":[{"embeddable":true,"href":"https:\/\/dodoqezeti.az\/az\/wp-json\/wp\/v2\/comments?post=8916"}],"version-history":[{"count":4,"href":"https:\/\/dodoqezeti.az\/az\/wp-json\/wp\/v2\/posts\/8916\/revisions"}],"predecessor-version":[{"id":8922,"href":"https:\/\/dodoqezeti.az\/az\/wp-json\/wp\/v2\/posts\/8916\/revisions\/8922"}],"wp:featuredmedia":[{"embeddable":true,"href":"https:\/\/dodoqezeti.az\/az\/wp-json\/wp\/v2\/media\/8920"}],"wp:attachment":[{"href":"https:\/\/dodoqezeti.az\/az\/wp-json\/wp\/v2\/media?parent=8916"}],"wp:term":[{"taxonomy":"category","embeddable":true,"href":"https:\/\/dodoqezeti.az\/az\/wp-json\/wp\/v2\/categories?post=8916"},{"taxonomy":"post_tag","embeddable":true,"href":"https:\/\/dodoqezeti.az\/az\/wp-json\/wp\/v2\/tags?post=8916"}],"curies":[{"name":"wp","href":"https:\/\/api.w.org\/{rel}","templated":true}]}}